{"id":3606,"date":"2020-10-19T13:03:48","date_gmt":"2020-10-19T11:03:48","guid":{"rendered":"http:\/\/agora.xtec.cat\/ceip-torre-llauder-mataro\/?p=3606"},"modified":"2020-10-19T13:03:48","modified_gmt":"2020-10-19T11:03:48","slug":"la-tardor","status":"publish","type":"post","link":"https:\/\/agora.xtec.cat\/ceip-torre-llauder-mataro\/infantil\/i5\/la-tardor\/","title":{"rendered":"LA TARDOR"},"content":{"rendered":"<p>Ja fa uns dies que hem entrat a la nova estaci\u00f3: la tardor. Avui hem aprofitat per veure les coses que els nens i nenes han recollit al bosc per tal de compartir-les amb la resta de la classe i muntar un bonic Rac\u00f3 de la Tardor. A m\u00e9s a m\u00e9s, hem explicat el conte del &#8220;Mag de la Tardor&#8221; que amb la seva maleta plena fins dalt va deixant coses de la tardor per all\u00e0 on passa.<\/p>\n<p><a href=\"https:\/\/photos.app.goo.gl\/dhGfwo9rFKrCbtWM9\">Fotos de tardor<\/a><\/p>\n<p>&nbsp;<\/p>\n","protected":false},"excerpt":{"rendered":"<p>Ja fa uns dies que hem entrat a la nova estaci\u00f3: la tardor. Avui hem aprofitat per veure les coses que els nens i nenes han recollit al bosc per tal de compartir-les amb la resta de la classe i muntar un bonic Rac\u00f3 de&hellip;  <a href=\"https:\/\/agora.xtec.cat\/ceip-torre-llauder-mataro\/infantil\/i5\/la-tardor\/\" title=\"Read LA TARDOR\">Llegeix m\u00e9s\u00bb<\/a><\/p>\n","protected":false},"author":21,"featured_media":0,"comment_status":"open","ping_status":"closed","sticky":false,"template":"","format":"standard","meta":{"_bbp_topic_count":0,"_bbp_reply_count":0,"_bbp_total_topic_count":0,"_bbp_total_reply_count":0,"_bbp_voice_count":0,"_bbp_anonymous_reply_count":0,"_bbp_topic_count_hidden":0,"_bbp_reply_count_hidden":0,"_bbp_forum_subforum_count":0,"footnotes":""},"categories":[8],"tags":[],"class_list":["post-3606","post","type-post","status-publish","format-standard","hentry","category-i5"],"post_mailing_queue_ids":[],"_links":{"self":[{"href":"https:\/\/agora.xtec.cat\/ceip-torre-llauder-mataro\/wp-json\/wp\/v2\/posts\/3606","targetHints":{"allow":["GET"]}}],"collection":[{"href":"https:\/\/agora.xtec.cat\/ceip-torre-llauder-mataro\/wp-json\/wp\/v2\/posts"}],"about":[{"href":"https:\/\/agora.xtec.cat\/ceip-torre-llauder-mataro\/wp-json\/wp\/v2\/types\/post"}],"author":[{"embeddable":true,"href":"https:\/\/agora.xtec.cat\/ceip-torre-llauder-mataro\/wp-json\/wp\/v2\/users\/21"}],"replies":[{"embeddable":true,"href":"https:\/\/agora.xtec.cat\/ceip-torre-llauder-mataro\/wp-json\/wp\/v2\/comments?post=3606"}],"version-history":[{"count":1,"href":"https:\/\/agora.xtec.cat\/ceip-torre-llauder-mataro\/wp-json\/wp\/v2\/posts\/3606\/revisions"}],"predecessor-version":[{"id":3607,"href":"https:\/\/agora.xtec.cat\/ceip-torre-llauder-mataro\/wp-json\/wp\/v2\/posts\/3606\/revisions\/3607"}],"wp:attachment":[{"href":"https:\/\/agora.xtec.cat\/ceip-torre-llauder-mataro\/wp-json\/wp\/v2\/media?parent=3606"}],"wp:term":[{"taxonomy":"category","embeddable":true,"href":"https:\/\/agora.xtec.cat\/ceip-torre-llauder-mataro\/wp-json\/wp\/v2\/categories?post=3606"},{"taxonomy":"post_tag","embeddable":true,"href":"https:\/\/agora.xtec.cat\/ceip-torre-llauder-mataro\/wp-json\/wp\/v2\/tags?post=3606"}],"curies":[{"name":"wp","href":"https:\/\/api.w.org\/{rel}","templated":true}]}}