{"id":3589,"date":"2020-10-15T11:12:37","date_gmt":"2020-10-15T09:12:37","guid":{"rendered":"http:\/\/agora.xtec.cat\/ceip-torre-llauder-mataro\/?p=3589"},"modified":"2020-10-24T11:31:16","modified_gmt":"2020-10-24T09:31:16","slug":"cancons-de-rutines","status":"publish","type":"post","link":"https:\/\/agora.xtec.cat\/ceip-torre-llauder-mataro\/infantil\/cancons-de-rutines\/","title":{"rendered":"CAN\u00c7ONS DE RUTINES"},"content":{"rendered":"<p>Us deixem els videos de Youtube de les can\u00e7ons que fem servir a la classe per a les rutines del dia a dia a P3.<\/p>\n<p>A disfrutar, a cantar i a ballar! \ud83d\ude42<\/p>\n<p><span style=\"color: #ff6600;\"><strong><a style=\"color: #ff6600;\" href=\"https:\/\/www.youtube.com\/watch?v=BF7w-xJUlwM\">BON DIA<\/a><\/strong><\/span><\/p>\n<p>La can\u00e7\u00f3 del BON DIA, la posem cada dia per a comen\u00e7ar la rotllana i comen\u00e7ar el dia ben contents i contentes. Ens diem bon dia tot passant la llista i mirant qui ha vingut\u00a0 l&#8217;escola i qui s&#8217;ha quedat a casa.<\/p>\n<p><iframe loading=\"lazy\" src=\"\/\/www.youtube.com\/embed\/BF7w-xJUlwM\" width=\"560\" height=\"314\"><\/iframe><\/p>\n<p><strong><span style=\"color: #00ff00;\"><a style=\"color: #00ff00;\" href=\"https:\/\/www.youtube.com\/watch?v=4atoVE3t-yo\">ELS DIES DE LA SETMANA<\/a><\/span><\/strong><\/p>\n<p>Els dies de la setmana la cantem despr\u00e9s de dir-nos bon dia i ens serveix per mirar quin dia \u00e9s avui i quines activitats farem en aquell dia.<\/p>\n<p><iframe loading=\"lazy\" src=\"\/\/www.youtube.com\/embed\/4atoVE3t-yo\" width=\"560\" height=\"314\"><\/iframe><\/p>\n<p><strong><span style=\"color: #3366ff;\"><a style=\"color: #3366ff;\" href=\"https:\/\/www.youtube.com\/watch?v=9T9LsTxYbcw\">PASTORET D&#8217;ON VENS<\/a><\/span><\/strong><\/p>\n<p>I la can\u00e7\u00f3 del pastoret la cantem per a mirar quin temps fa avui, si fa sol, si est\u00e0 ennuvolat, si plou, si neva o si ha sortit l&#8217;arc de Sant Mart\u00ed,&#8230;<\/p>\n<p><iframe loading=\"lazy\" src=\"\/\/www.youtube.com\/embed\/9T9LsTxYbcw\" width=\"560\" height=\"314\"><\/iframe><\/p>\n<p>Al mat\u00ed tamb\u00e9 aprofitem per a dir la dita de la Tardor i cantar la can\u00e7\u00f3 de <strong><span style=\"color: #993300;\">LA TARDOR<\/span><\/strong><\/p>\n<p><iframe loading=\"lazy\" src=\"\/\/www.youtube.com\/embed\/p4JfqcRXidI\" width=\"400\" height=\"224\"><\/iframe><img loading=\"lazy\" decoding=\"async\" class=\"alignleft\" src=\"https:\/\/i.pinimg.com\/originals\/03\/b7\/c1\/03b7c1b1c4f367612fb44b3ee24dd9e6.jpg\" alt=\"REFRANY TARDOR - Buscar con Google | Tardor, Recursos literarios, Refranes\" width=\"400\" height=\"282\" \/><\/p>\n","protected":false},"excerpt":{"rendered":"<p>Us deixem els videos de Youtube de les can\u00e7ons que fem servir a la classe per a les rutines del dia a dia a P3.<br \/>\nA disfrutar, a cantar i a ballar! \ud83d\ude42<br \/>\n<a style=\"color: #ff6600;\" href=\"https:\/\/www.youtube.com\/watch?v=BF7w-xJUlwM\">BON DIA<\/a><br \/>\nLa can\u00e7\u00f3 del BON DIA, la posem cada dia per&hellip;  <a href=\"https:\/\/agora.xtec.cat\/ceip-torre-llauder-mataro\/infantil\/cancons-de-rutines\/\" title=\"Read CAN\u00c7ONS DE RUTINES\">Llegeix m\u00e9s\u00bb<\/a><\/p>\n","protected":false},"author":12,"featured_media":0,"comment_status":"open","ping_status":"closed","sticky":false,"template":"","format":"standard","meta":{"_bbp_topic_count":0,"_bbp_reply_count":0,"_bbp_total_topic_count":0,"_bbp_total_reply_count":0,"_bbp_voice_count":0,"_bbp_anonymous_reply_count":0,"_bbp_topic_count_hidden":0,"_bbp_reply_count_hidden":0,"_bbp_forum_subforum_count":0,"footnotes":""},"categories":[83,2],"tags":[],"class_list":["post-3589","post","type-post","status-publish","format-standard","hentry","category-i3","category-infantil"],"post_mailing_queue_ids":[],"_links":{"self":[{"href":"https:\/\/agora.xtec.cat\/ceip-torre-llauder-mataro\/wp-json\/wp\/v2\/posts\/3589","targetHints":{"allow":["GET"]}}],"collection":[{"href":"https:\/\/agora.xtec.cat\/ceip-torre-llauder-mataro\/wp-json\/wp\/v2\/posts"}],"about":[{"href":"https:\/\/agora.xtec.cat\/ceip-torre-llauder-mataro\/wp-json\/wp\/v2\/types\/post"}],"author":[{"embeddable":true,"href":"https:\/\/agora.xtec.cat\/ceip-torre-llauder-mataro\/wp-json\/wp\/v2\/users\/12"}],"replies":[{"embeddable":true,"href":"https:\/\/agora.xtec.cat\/ceip-torre-llauder-mataro\/wp-json\/wp\/v2\/comments?post=3589"}],"version-history":[{"count":3,"href":"https:\/\/agora.xtec.cat\/ceip-torre-llauder-mataro\/wp-json\/wp\/v2\/posts\/3589\/revisions"}],"predecessor-version":[{"id":3638,"href":"https:\/\/agora.xtec.cat\/ceip-torre-llauder-mataro\/wp-json\/wp\/v2\/posts\/3589\/revisions\/3638"}],"wp:attachment":[{"href":"https:\/\/agora.xtec.cat\/ceip-torre-llauder-mataro\/wp-json\/wp\/v2\/media?parent=3589"}],"wp:term":[{"taxonomy":"category","embeddable":true,"href":"https:\/\/agora.xtec.cat\/ceip-torre-llauder-mataro\/wp-json\/wp\/v2\/categories?post=3589"},{"taxonomy":"post_tag","embeddable":true,"href":"https:\/\/agora.xtec.cat\/ceip-torre-llauder-mataro\/wp-json\/wp\/v2\/tags?post=3589"}],"curies":[{"name":"wp","href":"https:\/\/api.w.org\/{rel}","templated":true}]}}