{"id":3587,"date":"2020-10-13T22:39:24","date_gmt":"2020-10-13T20:39:24","guid":{"rendered":"http:\/\/agora.xtec.cat\/ceip-torre-llauder-mataro\/?p=3587"},"modified":"2020-10-13T22:39:24","modified_gmt":"2020-10-13T20:39:24","slug":"experimentacio-2","status":"publish","type":"post","link":"https:\/\/agora.xtec.cat\/ceip-torre-llauder-mataro\/infantil\/experimentacio-2\/","title":{"rendered":"Experimentaci\u00f3 2"},"content":{"rendered":"<p>Al arribar la tardor hem aprofitat una de les sessions d&#8217;experimentaci\u00f3 per sortir al nostre pati a buscar alguna elements de tardor, com fulles, pals, algun cargolet&#8230;<\/p>\n<p>Hem aprofitat per fer conversa sobre la tardor i a la sessi\u00f3 de pl\u00e0stica hem realitzat un arbre per decorar el vest\u00edbul, amb les fulles i els pals.<\/p>\n<p>Ens ha quedat preci\u00f3s.<\/p>\n<p><a href=\"https:\/\/photos.app.goo.gl\/y5y8KXXjpfDoARzX7\">Fotos tardor pati<\/a><\/p>\n","protected":false},"excerpt":{"rendered":"<p>Al arribar la tardor hem aprofitat una de les sessions d&#8217;experimentaci\u00f3 per sortir al nostre pati a buscar alguna elements de tardor, com fulles, pals, algun cargolet&#8230;<br \/>\nHem aprofitat per fer conversa sobre la tardor i a la sessi\u00f3 de pl\u00e0stica hem realitzat un arbre per&hellip;  <a href=\"https:\/\/agora.xtec.cat\/ceip-torre-llauder-mataro\/infantil\/experimentacio-2\/\" title=\"Read Experimentaci\u00f3 2\">Llegeix m\u00e9s\u00bb<\/a><\/p>\n","protected":false},"author":7,"featured_media":0,"comment_status":"open","ping_status":"closed","sticky":false,"template":"","format":"standard","meta":{"_bbp_topic_count":0,"_bbp_reply_count":0,"_bbp_total_topic_count":0,"_bbp_total_reply_count":0,"_bbp_voice_count":0,"_bbp_anonymous_reply_count":0,"_bbp_topic_count_hidden":0,"_bbp_reply_count_hidden":0,"_bbp_forum_subforum_count":0,"footnotes":""},"categories":[3,2],"tags":[],"class_list":["post-3587","post","type-post","status-publish","format-standard","hentry","category-i4","category-infantil"],"post_mailing_queue_ids":[],"_links":{"self":[{"href":"https:\/\/agora.xtec.cat\/ceip-torre-llauder-mataro\/wp-json\/wp\/v2\/posts\/3587","targetHints":{"allow":["GET"]}}],"collection":[{"href":"https:\/\/agora.xtec.cat\/ceip-torre-llauder-mataro\/wp-json\/wp\/v2\/posts"}],"about":[{"href":"https:\/\/agora.xtec.cat\/ceip-torre-llauder-mataro\/wp-json\/wp\/v2\/types\/post"}],"author":[{"embeddable":true,"href":"https:\/\/agora.xtec.cat\/ceip-torre-llauder-mataro\/wp-json\/wp\/v2\/users\/7"}],"replies":[{"embeddable":true,"href":"https:\/\/agora.xtec.cat\/ceip-torre-llauder-mataro\/wp-json\/wp\/v2\/comments?post=3587"}],"version-history":[{"count":1,"href":"https:\/\/agora.xtec.cat\/ceip-torre-llauder-mataro\/wp-json\/wp\/v2\/posts\/3587\/revisions"}],"predecessor-version":[{"id":3588,"href":"https:\/\/agora.xtec.cat\/ceip-torre-llauder-mataro\/wp-json\/wp\/v2\/posts\/3587\/revisions\/3588"}],"wp:attachment":[{"href":"https:\/\/agora.xtec.cat\/ceip-torre-llauder-mataro\/wp-json\/wp\/v2\/media?parent=3587"}],"wp:term":[{"taxonomy":"category","embeddable":true,"href":"https:\/\/agora.xtec.cat\/ceip-torre-llauder-mataro\/wp-json\/wp\/v2\/categories?post=3587"},{"taxonomy":"post_tag","embeddable":true,"href":"https:\/\/agora.xtec.cat\/ceip-torre-llauder-mataro\/wp-json\/wp\/v2\/tags?post=3587"}],"curies":[{"name":"wp","href":"https:\/\/api.w.org\/{rel}","templated":true}]}}