{"id":3539,"date":"2020-10-12T23:11:36","date_gmt":"2020-10-12T21:11:36","guid":{"rendered":"http:\/\/agora.xtec.cat\/ceip-torre-llauder-mataro\/?p=3539"},"modified":"2020-10-12T23:11:36","modified_gmt":"2020-10-12T21:11:36","slug":"p4-som","status":"publish","type":"post","link":"https:\/\/agora.xtec.cat\/ceip-torre-llauder-mataro\/infantil\/p4-som\/","title":{"rendered":"P4 som&#8230;"},"content":{"rendered":"<p>A P4, els nens i nenes han comen\u00e7at l&#8217;escola amb molta il\u00b7lusi\u00f3 i ganes de triar el nom de la seva classe. Per aix\u00f2 vam presentar les figures de foc de la Festa Major de Matar\u00f3 i cada nen\/a va pensar quina li agradava m\u00e9s.<\/p>\n<p>Van quedar amb els mateixos vots el Basilisc i les Diablesses, per aix\u00f2 vam fer una segona votaci\u00f3 i llavors si, va haver-hi un clar guanyador&#8230;<\/p>\n<p>Som la classe de&#8230;..<\/p>\n<p><a href=\"https:\/\/photos.app.goo.gl\/3NYrEr3SvSjUPouz7\">MIREU MIREU!<\/a><\/p>\n<p>Hem aprofitat tambe la sessi\u00f3 de pl\u00e0stica per fer la decoraci\u00f3 particular de la nostra porta de la classe, que us sembla?<\/p>\n<p>&nbsp;<\/p>\n","protected":false},"excerpt":{"rendered":"<p>A P4, els nens i nenes han comen\u00e7at l&#8217;escola amb molta il\u00b7lusi\u00f3 i ganes de triar el nom de la seva classe. Per aix\u00f2 vam presentar les figures de foc de la Festa Major de Matar\u00f3 i cada nen\/a va pensar quina li agradava m\u00e9s.<br \/>\nVan&hellip;  <a href=\"https:\/\/agora.xtec.cat\/ceip-torre-llauder-mataro\/infantil\/p4-som\/\" title=\"Read P4 som&#8230;\">Llegeix m\u00e9s\u00bb<\/a><\/p>\n","protected":false},"author":7,"featured_media":0,"comment_status":"open","ping_status":"closed","sticky":false,"template":"","format":"standard","meta":{"_bbp_topic_count":0,"_bbp_reply_count":0,"_bbp_total_topic_count":0,"_bbp_total_reply_count":0,"_bbp_voice_count":0,"_bbp_anonymous_reply_count":0,"_bbp_topic_count_hidden":0,"_bbp_reply_count_hidden":0,"_bbp_forum_subforum_count":0,"footnotes":""},"categories":[3,2],"tags":[],"class_list":["post-3539","post","type-post","status-publish","format-standard","hentry","category-i4","category-infantil"],"post_mailing_queue_ids":[],"_links":{"self":[{"href":"https:\/\/agora.xtec.cat\/ceip-torre-llauder-mataro\/wp-json\/wp\/v2\/posts\/3539","targetHints":{"allow":["GET"]}}],"collection":[{"href":"https:\/\/agora.xtec.cat\/ceip-torre-llauder-mataro\/wp-json\/wp\/v2\/posts"}],"about":[{"href":"https:\/\/agora.xtec.cat\/ceip-torre-llauder-mataro\/wp-json\/wp\/v2\/types\/post"}],"author":[{"embeddable":true,"href":"https:\/\/agora.xtec.cat\/ceip-torre-llauder-mataro\/wp-json\/wp\/v2\/users\/7"}],"replies":[{"embeddable":true,"href":"https:\/\/agora.xtec.cat\/ceip-torre-llauder-mataro\/wp-json\/wp\/v2\/comments?post=3539"}],"version-history":[{"count":1,"href":"https:\/\/agora.xtec.cat\/ceip-torre-llauder-mataro\/wp-json\/wp\/v2\/posts\/3539\/revisions"}],"predecessor-version":[{"id":3567,"href":"https:\/\/agora.xtec.cat\/ceip-torre-llauder-mataro\/wp-json\/wp\/v2\/posts\/3539\/revisions\/3567"}],"wp:attachment":[{"href":"https:\/\/agora.xtec.cat\/ceip-torre-llauder-mataro\/wp-json\/wp\/v2\/media?parent=3539"}],"wp:term":[{"taxonomy":"category","embeddable":true,"href":"https:\/\/agora.xtec.cat\/ceip-torre-llauder-mataro\/wp-json\/wp\/v2\/categories?post=3539"},{"taxonomy":"post_tag","embeddable":true,"href":"https:\/\/agora.xtec.cat\/ceip-torre-llauder-mataro\/wp-json\/wp\/v2\/tags?post=3539"}],"curies":[{"name":"wp","href":"https:\/\/api.w.org\/{rel}","templated":true}]}}