{"id":3508,"date":"2020-09-17T16:44:19","date_gmt":"2020-09-17T14:44:19","guid":{"rendered":"http:\/\/agora.xtec.cat\/ceip-torre-llauder-mataro\/?p=3508"},"modified":"2020-11-26T12:34:28","modified_gmt":"2020-11-26T11:34:28","slug":"comencem-un-curs-amb-molta-il-lusio","status":"publish","type":"post","link":"https:\/\/agora.xtec.cat\/ceip-torre-llauder-mataro\/general\/comencem-un-curs-amb-molta-il-lusio\/","title":{"rendered":"COMENCEM UN CURS&#8230; AMB MOLTA IL.LUSI\u00d3!!!"},"content":{"rendered":"<p><strong>Amb les motxilles plenes de ganes, il.lusi\u00f3 i nervis<\/strong> vam comen\u00e7ar dilluns aquest nou curs escolar!<\/p>\n<p><strong>Una tornada a l&#8217;escola amb moltes novetats:<\/strong>\u00a0mascaretes, term\u00f2metres, gel hidroalcoh\u00f2lic, dist\u00e0ncia de seguretat&#8230; per\u00f2 amb mirades que somriuen, veus que emplenen els passadissos, retrobaments emotius amb els companys i els mestres&#8230; Un inici de curs ple d&#8217;emocions!<\/p>\n<p>Fam\u00edlies, moltes gr\u00e0cies per la vostra paci\u00e8ncia i confian\u00e7a! Entre tots anirem trobant la millor manera de gestionar aquesta &#8220;nova normalitat&#8221;.<\/p>\n<p><span style=\"font-family: inherit; font-size: 1em;\">Compartim amb vosaltres algunes imatges d&#8217;aquests <strong>primers dies al Torre Llauder<\/strong>, esperem que us agradin!\u00a0<\/span><\/p>\n<p><a href=\"https:\/\/drive.google.com\/drive\/folders\/1pSPtWzNId2XgjV9ylvWa4BC9PLerdHDj?usp=sharing\"><img loading=\"lazy\" decoding=\"async\" class=\"alignnone wp-image-3509\" src=\"https:\/\/agora.xtec.cat\/ceip-torre-llauder-mataro\/wp-content\/uploads\/usu1425\/2020\/09\/Fotos-P4.jpg\" alt=\"\" width=\"205\" height=\"125\" srcset=\"https:\/\/agora.xtec.cat\/ceip-torre-llauder-mataro\/wp-content\/uploads\/usu1425\/2020\/09\/Fotos-P4.jpg 722w, https:\/\/agora.xtec.cat\/ceip-torre-llauder-mataro\/wp-content\/uploads\/usu1425\/2020\/09\/Fotos-P4-300x183.jpg 300w\" sizes=\"auto, (max-width: 205px) 100vw, 205px\" \/>\u00a0 <\/a><a href=\"https:\/\/drive.google.com\/drive\/folders\/1-4Nv1EPAeh6l-BFjdTH70q3w7ErLH6UY?usp=sharing\"><img loading=\"lazy\" decoding=\"async\" class=\"alignnone wp-image-3510\" src=\"https:\/\/agora.xtec.cat\/ceip-torre-llauder-mataro\/wp-content\/uploads\/usu1425\/2020\/09\/Fotos-P5.jpg\" alt=\"\" width=\"202\" height=\"123\" srcset=\"https:\/\/agora.xtec.cat\/ceip-torre-llauder-mataro\/wp-content\/uploads\/usu1425\/2020\/09\/Fotos-P5.jpg 721w, https:\/\/agora.xtec.cat\/ceip-torre-llauder-mataro\/wp-content\/uploads\/usu1425\/2020\/09\/Fotos-P5-300x182.jpg 300w\" sizes=\"auto, (max-width: 202px) 100vw, 202px\" \/><\/a> <a href=\"https:\/\/drive.google.com\/drive\/folders\/17yaBJa3IQ0W5AZpl62Y5kP3-QQ2yvNbD?usp=sharing\"><img loading=\"lazy\" decoding=\"async\" class=\"alignnone wp-image-3511\" src=\"https:\/\/agora.xtec.cat\/ceip-torre-llauder-mataro\/wp-content\/uploads\/usu1425\/2020\/09\/Fotos-1r.jpg\" alt=\"\" width=\"201\" height=\"123\" srcset=\"https:\/\/agora.xtec.cat\/ceip-torre-llauder-mataro\/wp-content\/uploads\/usu1425\/2020\/09\/Fotos-1r.jpg 721w, https:\/\/agora.xtec.cat\/ceip-torre-llauder-mataro\/wp-content\/uploads\/usu1425\/2020\/09\/Fotos-1r-300x182.jpg 300w\" sizes=\"auto, (max-width: 201px) 100vw, 201px\" \/>\u00a0\u00a0 <\/a><a href=\"https:\/\/drive.google.com\/drive\/folders\/1Js4cvAtWOYEpDKU7iAfteYGMTna-KWVO?usp=sharing\"><img loading=\"lazy\" decoding=\"async\" class=\"alignnone wp-image-3512\" src=\"https:\/\/agora.xtec.cat\/ceip-torre-llauder-mataro\/wp-content\/uploads\/usu1425\/2020\/09\/Fotos-2n.jpg\" alt=\"\" width=\"203\" height=\"122\" srcset=\"https:\/\/agora.xtec.cat\/ceip-torre-llauder-mataro\/wp-content\/uploads\/usu1425\/2020\/09\/Fotos-2n.jpg 721w, https:\/\/agora.xtec.cat\/ceip-torre-llauder-mataro\/wp-content\/uploads\/usu1425\/2020\/09\/Fotos-2n-300x181.jpg 300w\" sizes=\"auto, (max-width: 203px) 100vw, 203px\" \/><\/a><a href=\"https:\/\/agora.xtec.cat\/ceip-torre-llauder-mataro\/wp-content\/uploads\/usu1425\/2020\/09\/Fotos-1r.jpg\"> \u00a0 <\/a><a href=\"https:\/\/drive.google.com\/drive\/folders\/1eFCc4z9k_dpltTWmX2LSiYIsf7F-nv-U?usp=sharing\"><img loading=\"lazy\" decoding=\"async\" class=\"alignnone wp-image-3513\" src=\"https:\/\/agora.xtec.cat\/ceip-torre-llauder-mataro\/wp-content\/uploads\/usu1425\/2020\/09\/Fotos-3r.jpg\" alt=\"\" width=\"202\" height=\"123\" srcset=\"https:\/\/agora.xtec.cat\/ceip-torre-llauder-mataro\/wp-content\/uploads\/usu1425\/2020\/09\/Fotos-3r.jpg 718w, https:\/\/agora.xtec.cat\/ceip-torre-llauder-mataro\/wp-content\/uploads\/usu1425\/2020\/09\/Fotos-3r-300x183.jpg 300w\" sizes=\"auto, (max-width: 202px) 100vw, 202px\" \/><\/a><\/p>\n<p><a href=\"https:\/\/drive.google.com\/drive\/folders\/1zk9B0dIXl9Gb5xf-4lUlk9NoUoneZRK_?usp=sharing\"><img loading=\"lazy\" decoding=\"async\" class=\"alignnone wp-image-3514\" src=\"https:\/\/agora.xtec.cat\/ceip-torre-llauder-mataro\/wp-content\/uploads\/usu1425\/2020\/09\/Fotos-4t-A.jpg\" alt=\"\" width=\"203\" height=\"123\" srcset=\"https:\/\/agora.xtec.cat\/ceip-torre-llauder-mataro\/wp-content\/uploads\/usu1425\/2020\/09\/Fotos-4t-A.jpg 718w, https:\/\/agora.xtec.cat\/ceip-torre-llauder-mataro\/wp-content\/uploads\/usu1425\/2020\/09\/Fotos-4t-A-300x182.jpg 300w\" sizes=\"auto, (max-width: 203px) 100vw, 203px\" \/> \u00a0<\/a><a href=\"https:\/\/drive.google.com\/drive\/folders\/1535StuIKCuP-TofbMHo3ruPw0ulrz6Ln?usp=sharing\"><img loading=\"lazy\" decoding=\"async\" class=\"alignnone wp-image-3515\" src=\"https:\/\/agora.xtec.cat\/ceip-torre-llauder-mataro\/wp-content\/uploads\/usu1425\/2020\/09\/Fotos-4t-B.jpg\" alt=\"\" width=\"206\" height=\"124\" srcset=\"https:\/\/agora.xtec.cat\/ceip-torre-llauder-mataro\/wp-content\/uploads\/usu1425\/2020\/09\/Fotos-4t-B.jpg 722w, https:\/\/agora.xtec.cat\/ceip-torre-llauder-mataro\/wp-content\/uploads\/usu1425\/2020\/09\/Fotos-4t-B-300x180.jpg 300w\" sizes=\"auto, (max-width: 206px) 100vw, 206px\" \/><\/a> <a href=\"https:\/\/drive.google.com\/drive\/folders\/1nKtvOkWyMmCrOU3Tq8Dkfq7LWPBn74-K?usp=sharing\"><img loading=\"lazy\" decoding=\"async\" class=\"alignnone wp-image-3516\" src=\"https:\/\/agora.xtec.cat\/ceip-torre-llauder-mataro\/wp-content\/uploads\/usu1425\/2020\/09\/Fotos-5\u00e8-A.jpg\" alt=\"\" width=\"203\" height=\"123\" srcset=\"https:\/\/agora.xtec.cat\/ceip-torre-llauder-mataro\/wp-content\/uploads\/usu1425\/2020\/09\/Fotos-5\u00e8-A.jpg 720w, https:\/\/agora.xtec.cat\/ceip-torre-llauder-mataro\/wp-content\/uploads\/usu1425\/2020\/09\/Fotos-5\u00e8-A-300x181.jpg 300w\" sizes=\"auto, (max-width: 203px) 100vw, 203px\" \/><\/a> \u00a0<a href=\"https:\/\/drive.google.com\/drive\/folders\/1DLivZ6MHWsG8YMkI5hZIdrZvm0mbseXj?usp=sharing\"><img loading=\"lazy\" decoding=\"async\" class=\"alignnone wp-image-3517\" src=\"https:\/\/agora.xtec.cat\/ceip-torre-llauder-mataro\/wp-content\/uploads\/usu1425\/2020\/09\/Fotos-5\u00e8-B.jpg\" alt=\"\" width=\"206\" height=\"125\" srcset=\"https:\/\/agora.xtec.cat\/ceip-torre-llauder-mataro\/wp-content\/uploads\/usu1425\/2020\/09\/Fotos-5\u00e8-B.jpg 720w, https:\/\/agora.xtec.cat\/ceip-torre-llauder-mataro\/wp-content\/uploads\/usu1425\/2020\/09\/Fotos-5\u00e8-B-300x182.jpg 300w\" sizes=\"auto, (max-width: 206px) 100vw, 206px\" \/>\u00a0 <\/a><a href=\"https:\/\/drive.google.com\/drive\/folders\/1LJTcIqem0_94-dXtFs0-K1jOoPv7y1nz?usp=sharing\"><img loading=\"lazy\" decoding=\"async\" class=\"alignnone wp-image-3518\" src=\"https:\/\/agora.xtec.cat\/ceip-torre-llauder-mataro\/wp-content\/uploads\/usu1425\/2020\/09\/Fotos-6\u00e8.jpg\" alt=\"\" width=\"206\" height=\"125\" srcset=\"https:\/\/agora.xtec.cat\/ceip-torre-llauder-mataro\/wp-content\/uploads\/usu1425\/2020\/09\/Fotos-6\u00e8.jpg 718w, https:\/\/agora.xtec.cat\/ceip-torre-llauder-mataro\/wp-content\/uploads\/usu1425\/2020\/09\/Fotos-6\u00e8-300x182.jpg 300w\" sizes=\"auto, (max-width: 206px) 100vw, 206px\" \/><\/a><\/p>\n<p>&nbsp;<\/p>\n","protected":false},"excerpt":{"rendered":"<p>Amb les motxilles plenes de ganes, il.lusi\u00f3 i nervis vam comen\u00e7ar dilluns aquest nou curs escolar!&hellip;  <a href=\"https:\/\/agora.xtec.cat\/ceip-torre-llauder-mataro\/general\/comencem-un-curs-amb-molta-il-lusio\/\" title=\"Read COMENCEM UN CURS&#8230; AMB MOLTA IL.LUSI\u00d3!!!\">Llegeix m\u00e9s\u00bb<\/a><\/p>\n","protected":false},"author":19,"featured_media":3885,"comment_status":"open","ping_status":"closed","sticky":false,"template":"","format":"standard","meta":{"_bbp_topic_count":0,"_bbp_reply_count":0,"_bbp_total_topic_count":0,"_bbp_total_reply_count":0,"_bbp_voice_count":0,"_bbp_anonymous_reply_count":0,"_bbp_topic_count_hidden":0,"_bbp_reply_count_hidden":0,"_bbp_forum_subforum_count":0,"footnotes":""},"categories":[1,2,4],"tags":[],"class_list":["post-3508","post","type-post","status-publish","format-standard","has-post-thumbnail","hentry","category-general","category-infantil","category-portada"],"post_mailing_queue_ids":[],"_links":{"self":[{"href":"https:\/\/agora.xtec.cat\/ceip-torre-llauder-mataro\/wp-json\/wp\/v2\/posts\/3508","targetHints":{"allow":["GET"]}}],"collection":[{"href":"https:\/\/agora.xtec.cat\/ceip-torre-llauder-mataro\/wp-json\/wp\/v2\/posts"}],"about":[{"href":"https:\/\/agora.xtec.cat\/ceip-torre-llauder-mataro\/wp-json\/wp\/v2\/types\/post"}],"author":[{"embeddable":true,"href":"https:\/\/agora.xtec.cat\/ceip-torre-llauder-mataro\/wp-json\/wp\/v2\/users\/19"}],"replies":[{"embeddable":true,"href":"https:\/\/agora.xtec.cat\/ceip-torre-llauder-mataro\/wp-json\/wp\/v2\/comments?post=3508"}],"version-history":[{"count":3,"href":"https:\/\/agora.xtec.cat\/ceip-torre-llauder-mataro\/wp-json\/wp\/v2\/posts\/3508\/revisions"}],"predecessor-version":[{"id":3886,"href":"https:\/\/agora.xtec.cat\/ceip-torre-llauder-mataro\/wp-json\/wp\/v2\/posts\/3508\/revisions\/3886"}],"wp:featuredmedia":[{"embeddable":true,"href":"https:\/\/agora.xtec.cat\/ceip-torre-llauder-mataro\/wp-json\/wp\/v2\/media\/3885"}],"wp:attachment":[{"href":"https:\/\/agora.xtec.cat\/ceip-torre-llauder-mataro\/wp-json\/wp\/v2\/media?parent=3508"}],"wp:term":[{"taxonomy":"category","embeddable":true,"href":"https:\/\/agora.xtec.cat\/ceip-torre-llauder-mataro\/wp-json\/wp\/v2\/categories?post=3508"},{"taxonomy":"post_tag","embeddable":true,"href":"https:\/\/agora.xtec.cat\/ceip-torre-llauder-mataro\/wp-json\/wp\/v2\/tags?post=3508"}],"curies":[{"name":"wp","href":"https:\/\/api.w.org\/{rel}","templated":true}]}}