{"id":3505,"date":"2020-09-16T17:45:37","date_gmt":"2020-09-16T15:45:37","guid":{"rendered":"http:\/\/agora.xtec.cat\/ceip-torre-llauder-mataro\/?p=3505"},"modified":"2020-12-02T09:33:12","modified_gmt":"2020-12-02T08:33:12","slug":"donem-la-benvinguda-als-mes-petits-de-lescola","status":"publish","type":"post","link":"https:\/\/agora.xtec.cat\/ceip-torre-llauder-mataro\/general\/donem-la-benvinguda-als-mes-petits-de-lescola\/","title":{"rendered":"DONEM LA BENVINGUDA ALS M\u00c9S PETITS DE L&#8217;ESCOLA!"},"content":{"rendered":"<p>L&#8217;inici de curs sempre \u00e9s un moment m\u00e0gic, emocionant, especial&#8230; I encara m\u00e9s quan \u00e9s el teu primer curs a l&#8217;escola&#8230; \ud83d\ude00<\/p>\n<p>Aqu\u00ed teniu un v\u00eddeo dels <strong>primers dies dels m\u00e9s petits del Torre Llauder<\/strong>&#8230; els nens i nenes de P3!<\/p>\n<p>Benvinguts a la fam\u00edlia llauderenca!!!<\/p>\n<p>&nbsp;<\/p>\n<p><a href=\"https:\/\/drive.google.com\/file\/d\/1BEKGMD9kTT4Fig3wETqSLUMJN7n9xLsO\/view?usp=sharing\" target=\"_blank\" rel=\"noopener noreferrer\"><img loading=\"lazy\" decoding=\"async\" class=\"aligncenter wp-image-3506\" src=\"https:\/\/agora.xtec.cat\/ceip-torre-llauder-mataro\/wp-content\/uploads\/usu1425\/2020\/09\/Els-meus-primers-dies.jpg\" alt=\"\" width=\"234\" height=\"110\" srcset=\"https:\/\/agora.xtec.cat\/ceip-torre-llauder-mataro\/wp-content\/uploads\/usu1425\/2020\/09\/Els-meus-primers-dies.jpg 895w, https:\/\/agora.xtec.cat\/ceip-torre-llauder-mataro\/wp-content\/uploads\/usu1425\/2020\/09\/Els-meus-primers-dies-300x141.jpg 300w, https:\/\/agora.xtec.cat\/ceip-torre-llauder-mataro\/wp-content\/uploads\/usu1425\/2020\/09\/Els-meus-primers-dies-768x360.jpg 768w\" sizes=\"auto, (max-width: 234px) 100vw, 234px\" \/><\/a><\/p>\n","protected":false},"excerpt":{"rendered":"<p>L&#8217;inici de curs sempre \u00e9s un moment m\u00e0gic, emocionant, especial&#8230; I encara m\u00e9s quan \u00e9s el teu primer curs a l&#8217;escola&#8230; \ud83d\ude00<br \/>\nAqu\u00ed teniu un v\u00eddeo dels primers dies dels m\u00e9s petits del Torre Llauder&#8230; els nens i nenes de P3!<br \/>\nBenvinguts a la fam\u00edlia llauderenca!!!<br \/>\n&nbsp;<br \/>\n<a href=\"https:\/\/drive.google.com\/file\/d\/1BEKGMD9kTT4Fig3wETqSLUMJN7n9xLsO\/view?usp=sharing\"&hellip;  <a href=\"https:\/\/agora.xtec.cat\/ceip-torre-llauder-mataro\/general\/donem-la-benvinguda-als-mes-petits-de-lescola\/\" title=\"Read DONEM LA BENVINGUDA ALS M\u00c9S PETITS DE L&#8217;ESCOLA!\">Llegeix m\u00e9s\u00bb<\/a><\/p>\n","protected":false},"author":19,"featured_media":0,"comment_status":"open","ping_status":"closed","sticky":false,"template":"","format":"standard","meta":{"_bbp_topic_count":0,"_bbp_reply_count":0,"_bbp_total_topic_count":0,"_bbp_total_reply_count":0,"_bbp_voice_count":0,"_bbp_anonymous_reply_count":0,"_bbp_topic_count_hidden":0,"_bbp_reply_count_hidden":0,"_bbp_forum_subforum_count":0,"footnotes":""},"categories":[1,83,2,4],"tags":[],"class_list":["post-3505","post","type-post","status-publish","format-standard","hentry","category-general","category-i3","category-infantil","category-portada"],"post_mailing_queue_ids":[],"_links":{"self":[{"href":"https:\/\/agora.xtec.cat\/ceip-torre-llauder-mataro\/wp-json\/wp\/v2\/posts\/3505","targetHints":{"allow":["GET"]}}],"collection":[{"href":"https:\/\/agora.xtec.cat\/ceip-torre-llauder-mataro\/wp-json\/wp\/v2\/posts"}],"about":[{"href":"https:\/\/agora.xtec.cat\/ceip-torre-llauder-mataro\/wp-json\/wp\/v2\/types\/post"}],"author":[{"embeddable":true,"href":"https:\/\/agora.xtec.cat\/ceip-torre-llauder-mataro\/wp-json\/wp\/v2\/users\/19"}],"replies":[{"embeddable":true,"href":"https:\/\/agora.xtec.cat\/ceip-torre-llauder-mataro\/wp-json\/wp\/v2\/comments?post=3505"}],"version-history":[{"count":3,"href":"https:\/\/agora.xtec.cat\/ceip-torre-llauder-mataro\/wp-json\/wp\/v2\/posts\/3505\/revisions"}],"predecessor-version":[{"id":3917,"href":"https:\/\/agora.xtec.cat\/ceip-torre-llauder-mataro\/wp-json\/wp\/v2\/posts\/3505\/revisions\/3917"}],"wp:attachment":[{"href":"https:\/\/agora.xtec.cat\/ceip-torre-llauder-mataro\/wp-json\/wp\/v2\/media?parent=3505"}],"wp:term":[{"taxonomy":"category","embeddable":true,"href":"https:\/\/agora.xtec.cat\/ceip-torre-llauder-mataro\/wp-json\/wp\/v2\/categories?post=3505"},{"taxonomy":"post_tag","embeddable":true,"href":"https:\/\/agora.xtec.cat\/ceip-torre-llauder-mataro\/wp-json\/wp\/v2\/tags?post=3505"}],"curies":[{"name":"wp","href":"https:\/\/api.w.org\/{rel}","templated":true}]}}