{"id":3502,"date":"2020-09-04T15:32:51","date_gmt":"2020-09-04T13:32:51","guid":{"rendered":"http:\/\/agora.xtec.cat\/ceip-torre-llauder-mataro\/?p=3502"},"modified":"2020-12-02T09:32:01","modified_gmt":"2020-12-02T08:32:01","slug":"pla-dorganitzacio-de-centre","status":"publish","type":"post","link":"https:\/\/agora.xtec.cat\/ceip-torre-llauder-mataro\/general\/pla-dorganitzacio-de-centre\/","title":{"rendered":"PLA D&#8217;ORGANITZACI\u00d3 DE CENTRE"},"content":{"rendered":"<p>Benvolgudes fam\u00edlies,<\/p>\n<p>A continuaci\u00f3 us presentem el <strong>Pla d&#8217;organitzaci\u00f3 de centre b\u00e0sic en el marc de la pand\u00e8mia COVID-19 <\/strong>presentat i aprovat en Consell Escolar el passat dijous 3 de setembre de 2020.<\/p>\n<p>Aquest Pla recull els <strong>principis b\u00e0sics de seguretat i higiene i d&#8217;organitzaci\u00f3 del centre<\/strong> a seguir durant aquest curs 2020-21. Per tant, \u00e9s important que en feu una lectura pausada per tal d&#8217;estar preparats per iniciar el curs.<\/p>\n<p>Cal tenir en compte que ha de ser un <strong>document viu<\/strong> que anirem adaptant a les mesures sanit\u00e0ries del nostre territori.<\/p>\n<p>El deixem &#8220;penjat&#8221; amb la resta de documents del centre i el trobareu al Men\u00fa del bloc.<\/p>\n<p style=\"text-align: center;\"><strong>Us esperem a tots i a totes preparats per engegar un nou curs escolar el proper 14 de setembre!<\/strong><\/p>\n<p>Atentament,<\/p>\n<p style=\"text-align: right;\">L&#8217;EQUIP DE MESTRES<\/p>\n<p>&nbsp;<\/p>\n","protected":false},"excerpt":{"rendered":"<p>Benvolgudes fam\u00edlies,<br \/>\nA continuaci\u00f3 us presentem el Pla d&#8217;organitzaci\u00f3 de centre b\u00e0sic en el marc de la pand\u00e8mia COVID-19 presentat i aprovat en Consell Escolar el passat dijous 3 de setembre de 2020.&hellip;  <a href=\"https:\/\/agora.xtec.cat\/ceip-torre-llauder-mataro\/general\/pla-dorganitzacio-de-centre\/\" title=\"Read PLA D&#8217;ORGANITZACI\u00d3 DE CENTRE\">Llegeix m\u00e9s\u00bb<\/a><\/p>\n","protected":false},"author":19,"featured_media":3503,"comment_status":"open","ping_status":"closed","sticky":false,"template":"","format":"standard","meta":{"_bbp_topic_count":0,"_bbp_reply_count":0,"_bbp_total_topic_count":0,"_bbp_total_reply_count":0,"_bbp_voice_count":0,"_bbp_anonymous_reply_count":0,"_bbp_topic_count_hidden":0,"_bbp_reply_count_hidden":0,"_bbp_forum_subforum_count":0,"footnotes":""},"categories":[1,4],"tags":[],"class_list":["post-3502","post","type-post","status-publish","format-standard","has-post-thumbnail","hentry","category-general","category-portada"],"post_mailing_queue_ids":[],"_links":{"self":[{"href":"https:\/\/agora.xtec.cat\/ceip-torre-llauder-mataro\/wp-json\/wp\/v2\/posts\/3502","targetHints":{"allow":["GET"]}}],"collection":[{"href":"https:\/\/agora.xtec.cat\/ceip-torre-llauder-mataro\/wp-json\/wp\/v2\/posts"}],"about":[{"href":"https:\/\/agora.xtec.cat\/ceip-torre-llauder-mataro\/wp-json\/wp\/v2\/types\/post"}],"author":[{"embeddable":true,"href":"https:\/\/agora.xtec.cat\/ceip-torre-llauder-mataro\/wp-json\/wp\/v2\/users\/19"}],"replies":[{"embeddable":true,"href":"https:\/\/agora.xtec.cat\/ceip-torre-llauder-mataro\/wp-json\/wp\/v2\/comments?post=3502"}],"version-history":[{"count":3,"href":"https:\/\/agora.xtec.cat\/ceip-torre-llauder-mataro\/wp-json\/wp\/v2\/posts\/3502\/revisions"}],"predecessor-version":[{"id":3916,"href":"https:\/\/agora.xtec.cat\/ceip-torre-llauder-mataro\/wp-json\/wp\/v2\/posts\/3502\/revisions\/3916"}],"wp:featuredmedia":[{"embeddable":true,"href":"https:\/\/agora.xtec.cat\/ceip-torre-llauder-mataro\/wp-json\/wp\/v2\/media\/3503"}],"wp:attachment":[{"href":"https:\/\/agora.xtec.cat\/ceip-torre-llauder-mataro\/wp-json\/wp\/v2\/media?parent=3502"}],"wp:term":[{"taxonomy":"category","embeddable":true,"href":"https:\/\/agora.xtec.cat\/ceip-torre-llauder-mataro\/wp-json\/wp\/v2\/categories?post=3502"},{"taxonomy":"post_tag","embeddable":true,"href":"https:\/\/agora.xtec.cat\/ceip-torre-llauder-mataro\/wp-json\/wp\/v2\/tags?post=3502"}],"curies":[{"name":"wp","href":"https:\/\/api.w.org\/{rel}","templated":true}]}}