{"id":3482,"date":"2020-07-02T09:29:51","date_gmt":"2020-07-02T07:29:51","guid":{"rendered":"http:\/\/agora.xtec.cat\/ceip-torre-llauder-mataro\/?p=3482"},"modified":"2020-12-02T09:36:42","modified_gmt":"2020-12-02T08:36:42","slug":"beques-curs-2020-21","status":"publish","type":"post","link":"https:\/\/agora.xtec.cat\/ceip-torre-llauder-mataro\/general\/beques-curs-2020-21\/","title":{"rendered":"BEQUES DE MENJADOR PEL CURS 2020-21"},"content":{"rendered":"<p style=\"font-weight: 400;\">Benvolgudes i benvolguts,<\/p>\n<p style=\"font-weight: 400;\">Un cop publicades les bases reguladores de la convocat\u00f2ria dels ajuts individuals de menjador per al curs escolar 2020\/2021, us informem que, com cada any,\u00a0<u>ser\u00e0 l\u2019Ajuntament de Matar\u00f3 l\u2019encarregat de recollir les sol\u00b7licituds de les fam\u00edlies, i no els centre escolars.<\/u><\/p>\n<ul style=\"font-weight: 400;\">\n<li><strong>Les fam\u00edlies que van presentar sol\u00b7licitud d\u2019ajut de menjador escolar al 2019<\/strong>\u00a0podran confirmar la seva petici\u00f3 per internet si no han canviat substancialment la seva situaci\u00f3 (mateix tipus de fam\u00edlia nombrosa o monoparental, mateixes persones amb discapacitat i sense canvis en separaci\u00f3 o cust\u00f2dia de menors). Rebran un missatge SMS per poder accedir f\u00e0cilment al proc\u00e9s de confirmaci\u00f3 durant la setmana del 6 de juliol.<\/li>\n<li><strong>Les fam\u00edlies que NO van presentar sol\u00b7licitud d\u2019ajut de menjador escolar al 2019 i aquelles amb canvis substancials<\/strong>\u00a0podran fer-la a trav\u00e9s d\u2019internet a la Seu Electr\u00f2nica de l\u2019Ajuntament de Matar\u00f3 o personalment a les Oficines d\u2019atenci\u00f3 ciutadana de\u00a0<strong>Pla d\u2019en Boet, Rocafonda i Cerdanyola<\/strong>\u00a0amb\u00a0<strong>cita pr\u00e8via obligat\u00f2ria<\/strong>,\u00a0<strong>amb els seg\u00fcents terminis.<\/strong><\/li>\n<\/ul>\n<h5 style=\"font-weight: 400;\"><strong>\u00a0<\/strong>&#8211;\u00a0 \u00a0 \u00a0 \u00a0 <strong>Internet del 7 al 24 de juliol.<\/strong><\/h5>\n<h5 style=\"font-weight: 400;\">&#8211;\u00a0\u00a0\u00a0\u00a0\u00a0\u00a0\u00a0\u00a0 <strong>Oficines d\u2019atenci\u00f3 ciutadana del 13 al 24 de juliol, amb cita pr\u00e8via obligat\u00f2ria<\/strong>.<\/h5>\n<h5 style=\"font-weight: 400; text-align: center;\">La cita pr\u00e8via es podr\u00e0 concertar a partir del 8 de juliol per internet a\u00a0<a href=\"http:\/\/www.mataro.cat\/citaprevia\" data-saferedirecturl=\"https:\/\/www.google.com\/url?q=http:\/\/www.mataro.cat\/citaprevia&amp;source=gmail&amp;ust=1593761077483000&amp;usg=AFQjCNGW1f84DPkQV3IQZM4w88yt5-go7A\">www.mataro.cat\/citaprevia<\/a><\/h5>\n<p style=\"font-weight: 400;\"><strong>Tota la informaci\u00f3 estar\u00e0 disponible a la Seu Electr\u00f2nica de l\u2019Ajuntament de Matar\u00f3\u00a0<a href=\"https:\/\/seu.mataro.cat\/\" data-saferedirecturl=\"https:\/\/www.google.com\/url?q=https:\/\/seu.mataro.cat&amp;source=gmail&amp;ust=1593761077483000&amp;usg=AFQjCNGXZ4hsaqp0gIiNruixEUjCLI6JcA\">https:\/\/seu.mataro.cat<\/a><\/strong><\/p>\n<p style=\"font-weight: 400;\">Documentaci\u00f3 a presentar:<\/p>\n<p style=\"font-weight: 400;\">&#8211;\u00a0\u00a0\u00a0\u00a0\u00a0\u00a0\u00a0\u00a0\u00a0\u00a0En el cas de fer la sol\u00b7licitud presencialment, model normalitzat de sol\u00b7licitud (nom\u00e9s s\u2019acceptar\u00e0 el formulari disponible a la Seu Electr\u00f2nica de l\u2019Ajuntament de Matar\u00f3 o el facilitat a les pr\u00f2pies oficines municipals a partir del 8 de juliol).<\/p>\n<p style=\"font-weight: 400;\">&#8211;\u00a0\u00a0\u00a0\u00a0\u00a0\u00a0\u00a0\u00a0\u00a0\u00a0En el cas de fer la sol\u00b7licitud presencialment, c\u00f2pia del document d\u2019identitat de la persona sol\u00b7licitant (pare, mare o tutor\/a).<\/p>\n<p style=\"font-weight: 400;\">&#8211;\u00a0\u00a0\u00a0\u00a0\u00a0\u00a0\u00a0\u00a0\u00a0\u00a0En el cas de fer la sol\u00b7licitud presencialment, original del t\u00edtol de fam\u00edlia nombrosa o monoparental vigent. En el cas de fer la sol\u00b7licitud a trav\u00e9s d\u2019internet a la Seu Electr\u00f2nica, ser\u00e0 suficient amb informar del n\u00famero de t\u00edtol de fam\u00edlia nombrosa o monoparental vigent.<\/p>\n<p style=\"font-weight: 400;\">&#8211;\u00a0\u00a0\u00a0\u00a0\u00a0\u00a0\u00a0\u00a0\u00a0\u00a0Resoluci\u00f3 d\u2019acolliment de la Direcci\u00f3 General d\u2019Atenci\u00f3 a la Inf\u00e0ncia i l\u2019Adolesc\u00e8ncia per a menors que estiguin en situaci\u00f3 d\u2019acolliment.<\/p>\n<p style=\"font-weight: 400;\">&#8211;\u00a0\u00a0\u00a0\u00a0\u00a0\u00a0\u00a0\u00a0\u00a0\u00a0Conveni, sent\u00e8ncia de divorci en el cas que un dels membres de la unitat familiar ja no visqui al domicili, per\u00f2 estigui en el document d\u2019empadronament, o l\u2019acta final de mediaci\u00f3 del Departament de Just\u00edcia.\u201d<\/p>\n<p>&nbsp;<\/p>\n<h1 style=\"text-align: center;\"><a href=\"https:\/\/agora.xtec.cat\/ceip-torre-llauder-mataro\/wp-content\/uploads\/usu1425\/2020\/07\/INSTRUCCIONS-BEQUES-MENJADOR-CCM-2020-2021-1.docx\">INSTRUCCIONS BEQUES MENJADOR CCM 2020-2021<\/a><\/h1>\n","protected":false},"excerpt":{"rendered":"<p>Benvolgudes i benvolguts,<br \/>\nUn cop publicades les bases reguladores de la convocat\u00f2ria dels ajuts individuals de menjador per al curs escolar 2020\/2021, us informem que, com cada any,\u00a0ser\u00e0 l\u2019Ajuntament de Matar\u00f3 l\u2019encarregat de recollir les sol\u00b7licituds de les fam\u00edlies, i no els centre escolars.<\/p>\n<ul style=\"font-weight: 400;\">\n<li>Les&hellip;  <a href=\"https:\/\/agora.xtec.cat\/ceip-torre-llauder-mataro\/general\/beques-curs-2020-21\/\" title=\"Read BEQUES DE MENJADOR PEL CURS 2020-21\">Llegeix m\u00e9s\u00bb<\/a><br \/>\n","protected":false},"author":19,"featured_media":0,"comment_status":"open","ping_status":"closed","sticky":false,"template":"","format":"standard","meta":{"_bbp_topic_count":0,"_bbp_reply_count":0,"_bbp_total_topic_count":0,"_bbp_total_reply_count":0,"_bbp_voice_count":0,"_bbp_anonymous_reply_count":0,"_bbp_topic_count_hidden":0,"_bbp_reply_count_hidden":0,"_bbp_forum_subforum_count":0,"footnotes":""},"categories":[1,4],"tags":[],"class_list":["post-3482","post","type-post","status-publish","format-standard","hentry","category-general","category-portada"],"post_mailing_queue_ids":[],"_links":{"self":[{"href":"https:\/\/agora.xtec.cat\/ceip-torre-llauder-mataro\/wp-json\/wp\/v2\/posts\/3482","targetHints":{"allow":["GET"]}}],"collection":[{"href":"https:\/\/agora.xtec.cat\/ceip-torre-llauder-mataro\/wp-json\/wp\/v2\/posts"}],"about":[{"href":"https:\/\/agora.xtec.cat\/ceip-torre-llauder-mataro\/wp-json\/wp\/v2\/types\/post"}],"author":[{"embeddable":true,"href":"https:\/\/agora.xtec.cat\/ceip-torre-llauder-mataro\/wp-json\/wp\/v2\/users\/19"}],"replies":[{"embeddable":true,"href":"https:\/\/agora.xtec.cat\/ceip-torre-llauder-mataro\/wp-json\/wp\/v2\/comments?post=3482"}],"version-history":[{"count":2,"href":"https:\/\/agora.xtec.cat\/ceip-torre-llauder-mataro\/wp-json\/wp\/v2\/posts\/3482\/revisions"}],"predecessor-version":[{"id":3485,"href":"https:\/\/agora.xtec.cat\/ceip-torre-llauder-mataro\/wp-json\/wp\/v2\/posts\/3482\/revisions\/3485"}],"wp:attachment":[{"href":"https:\/\/agora.xtec.cat\/ceip-torre-llauder-mataro\/wp-json\/wp\/v2\/media?parent=3482"}],"wp:term":[{"taxonomy":"category","embeddable":true,"href":"https:\/\/agora.xtec.cat\/ceip-torre-llauder-mataro\/wp-json\/wp\/v2\/categories?post=3482"},{"taxonomy":"post_tag","embeddable":true,"href":"https:\/\/agora.xtec.cat\/ceip-torre-llauder-mataro\/wp-json\/wp\/v2\/tags?post=3482"}],"curies":[{"name":"wp","href":"https:\/\/api.w.org\/{rel}","templated":true}]}}