{"id":3410,"date":"2020-05-29T16:06:48","date_gmt":"2020-05-29T14:06:48","guid":{"rendered":"http:\/\/agora.xtec.cat\/ceip-torre-llauder-mataro\/?p=3410"},"modified":"2020-06-02T11:18:07","modified_gmt":"2020-06-02T09:18:07","slug":"preinscripcio-2020-21-puntuacio-provisional","status":"publish","type":"post","link":"https:\/\/agora.xtec.cat\/ceip-torre-llauder-mataro\/general\/preinscripcio-2020-21-puntuacio-provisional\/","title":{"rendered":"[Preinscripci\u00f3 2020-21] PUNTUACI\u00d3 PROVISIONAL"},"content":{"rendered":"<p>Benvolgudes fam\u00edlies,<\/p>\n<p>Ja podeu consultar la<strong> llista d&#8217;alumnes que han sol.licitat l&#8217;escola pel curs 2020-21 amb la puntuaci\u00f3<\/strong>.<\/p>\n<p>Si trobeu qualsevol errada teniu <strong>temps per reclamar del 2 al 5 de juny<\/strong>.<\/p>\n<p><a href=\"https:\/\/drive.google.com\/file\/d\/1eKqoAWxwJjvDnawy4tC_Fa1C9DYbfz2L\/view?usp=sharing\" target=\"_blank\" rel=\"noopener noreferrer\"><img loading=\"lazy\" decoding=\"async\" class=\"aligncenter wp-image-3411\" src=\"https:\/\/agora.xtec.cat\/ceip-torre-llauder-mataro\/wp-content\/uploads\/usu1425\/2020\/05\/LLISTA-DE-SOL.LICITUDS.jpg\" alt=\"\" width=\"345\" height=\"112\" srcset=\"https:\/\/agora.xtec.cat\/ceip-torre-llauder-mataro\/wp-content\/uploads\/usu1425\/2020\/05\/LLISTA-DE-SOL.LICITUDS.jpg 714w, https:\/\/agora.xtec.cat\/ceip-torre-llauder-mataro\/wp-content\/uploads\/usu1425\/2020\/05\/LLISTA-DE-SOL.LICITUDS-300x97.jpg 300w\" sizes=\"auto, (max-width: 345px) 100vw, 345px\" \/><\/a><\/p>\n","protected":false},"excerpt":{"rendered":"<p>Benvolgudes fam\u00edlies,<br \/>\nJa podeu consultar la llista d&#8217;alumnes que han sol.licitat l&#8217;escola pel curs 2020-21 amb la puntuaci\u00f3.<br \/>\nSi trobeu qualsevol errada teniu temps per reclamar del 2 al 5 de juny.<br \/>\n<a href=\"https:\/\/drive.google.com\/file\/d\/1eKqoAWxwJjvDnawy4tC_Fa1C9DYbfz2L\/view?usp=sharing\" target=\"_blank\" rel=\"noopener noreferrer\"><\/a><\/p>\n","protected":false},"author":19,"featured_media":0,"comment_status":"open","ping_status":"closed","sticky":false,"template":"","format":"standard","meta":{"_bbp_topic_count":0,"_bbp_reply_count":0,"_bbp_total_topic_count":0,"_bbp_total_reply_count":0,"_bbp_voice_count":0,"_bbp_anonymous_reply_count":0,"_bbp_topic_count_hidden":0,"_bbp_reply_count_hidden":0,"_bbp_forum_subforum_count":0,"footnotes":""},"categories":[1,4],"tags":[],"class_list":["post-3410","post","type-post","status-publish","format-standard","hentry","category-general","category-portada"],"post_mailing_queue_ids":[],"_links":{"self":[{"href":"https:\/\/agora.xtec.cat\/ceip-torre-llauder-mataro\/wp-json\/wp\/v2\/posts\/3410","targetHints":{"allow":["GET"]}}],"collection":[{"href":"https:\/\/agora.xtec.cat\/ceip-torre-llauder-mataro\/wp-json\/wp\/v2\/posts"}],"about":[{"href":"https:\/\/agora.xtec.cat\/ceip-torre-llauder-mataro\/wp-json\/wp\/v2\/types\/post"}],"author":[{"embeddable":true,"href":"https:\/\/agora.xtec.cat\/ceip-torre-llauder-mataro\/wp-json\/wp\/v2\/users\/19"}],"replies":[{"embeddable":true,"href":"https:\/\/agora.xtec.cat\/ceip-torre-llauder-mataro\/wp-json\/wp\/v2\/comments?post=3410"}],"version-history":[{"count":3,"href":"https:\/\/agora.xtec.cat\/ceip-torre-llauder-mataro\/wp-json\/wp\/v2\/posts\/3410\/revisions"}],"predecessor-version":[{"id":3424,"href":"https:\/\/agora.xtec.cat\/ceip-torre-llauder-mataro\/wp-json\/wp\/v2\/posts\/3410\/revisions\/3424"}],"wp:attachment":[{"href":"https:\/\/agora.xtec.cat\/ceip-torre-llauder-mataro\/wp-json\/wp\/v2\/media?parent=3410"}],"wp:term":[{"taxonomy":"category","embeddable":true,"href":"https:\/\/agora.xtec.cat\/ceip-torre-llauder-mataro\/wp-json\/wp\/v2\/categories?post=3410"},{"taxonomy":"post_tag","embeddable":true,"href":"https:\/\/agora.xtec.cat\/ceip-torre-llauder-mataro\/wp-json\/wp\/v2\/tags?post=3410"}],"curies":[{"name":"wp","href":"https:\/\/api.w.org\/{rel}","templated":true}]}}