{"id":3349,"date":"2020-05-15T18:02:55","date_gmt":"2020-05-15T16:02:55","guid":{"rendered":"http:\/\/agora.xtec.cat\/ceip-torre-llauder-mataro\/?p=3349"},"modified":"2020-05-19T11:59:46","modified_gmt":"2020-05-19T09:59:46","slug":"coneix-lescola","status":"publish","type":"post","link":"https:\/\/agora.xtec.cat\/ceip-torre-llauder-mataro\/general\/coneix-lescola\/","title":{"rendered":"Coneix l&#8217;escola!"},"content":{"rendered":"<p>Aqu\u00ed teniu el <strong>v\u00eddeo<\/strong> que vam compartir amb les fam\u00edlies que van venir a les <strong>PORTES OBERTES<\/strong>&#8230;<\/p>\n<p>Esperem que us agradi! Cliqueu sobre la imatge \ud83d\ude09<a href=\"https:\/\/drive.google.com\/file\/d\/19sCgrc5OPDhOKwYr-9RW8aTkBWGsFzu0\/view?usp=sharing\" target=\"_blank\" rel=\"noopener noreferrer\"><img loading=\"lazy\" decoding=\"async\" class=\"aligncenter wp-image-3350\" src=\"https:\/\/agora.xtec.cat\/ceip-torre-llauder-mataro\/wp-content\/uploads\/usu1425\/2020\/05\/Logotip-Torre-Llauder.jpg\" alt=\"\" width=\"138\" height=\"194\" srcset=\"https:\/\/agora.xtec.cat\/ceip-torre-llauder-mataro\/wp-content\/uploads\/usu1425\/2020\/05\/Logotip-Torre-Llauder.jpg 595w, https:\/\/agora.xtec.cat\/ceip-torre-llauder-mataro\/wp-content\/uploads\/usu1425\/2020\/05\/Logotip-Torre-Llauder-214x300.jpg 214w\" sizes=\"auto, (max-width: 138px) 100vw, 138px\" \/><\/a><\/p>\n","protected":false},"excerpt":{"rendered":"<p>Aqu\u00ed teniu el v\u00eddeo que vam compartir amb les fam\u00edlies que van venir a les PORTES OBERTES&#8230;<br \/>\nEsperem que us agradi! Cliqueu sobre la imatge \ud83d\ude09<a href=\"https:\/\/drive.google.com\/file\/d\/19sCgrc5OPDhOKwYr-9RW8aTkBWGsFzu0\/view?usp=sharing\" target=\"_blank\" rel=\"noopener noreferrer\"><\/a><\/p>\n","protected":false},"author":19,"featured_media":0,"comment_status":"open","ping_status":"closed","sticky":false,"template":"","format":"standard","meta":{"_bbp_topic_count":0,"_bbp_reply_count":0,"_bbp_total_topic_count":0,"_bbp_total_reply_count":0,"_bbp_voice_count":0,"_bbp_anonymous_reply_count":0,"_bbp_topic_count_hidden":0,"_bbp_reply_count_hidden":0,"_bbp_forum_subforum_count":0,"footnotes":""},"categories":[1,4],"tags":[],"class_list":["post-3349","post","type-post","status-publish","format-standard","hentry","category-general","category-portada"],"post_mailing_queue_ids":[],"_links":{"self":[{"href":"https:\/\/agora.xtec.cat\/ceip-torre-llauder-mataro\/wp-json\/wp\/v2\/posts\/3349","targetHints":{"allow":["GET"]}}],"collection":[{"href":"https:\/\/agora.xtec.cat\/ceip-torre-llauder-mataro\/wp-json\/wp\/v2\/posts"}],"about":[{"href":"https:\/\/agora.xtec.cat\/ceip-torre-llauder-mataro\/wp-json\/wp\/v2\/types\/post"}],"author":[{"embeddable":true,"href":"https:\/\/agora.xtec.cat\/ceip-torre-llauder-mataro\/wp-json\/wp\/v2\/users\/19"}],"replies":[{"embeddable":true,"href":"https:\/\/agora.xtec.cat\/ceip-torre-llauder-mataro\/wp-json\/wp\/v2\/comments?post=3349"}],"version-history":[{"count":2,"href":"https:\/\/agora.xtec.cat\/ceip-torre-llauder-mataro\/wp-json\/wp\/v2\/posts\/3349\/revisions"}],"predecessor-version":[{"id":3358,"href":"https:\/\/agora.xtec.cat\/ceip-torre-llauder-mataro\/wp-json\/wp\/v2\/posts\/3349\/revisions\/3358"}],"wp:attachment":[{"href":"https:\/\/agora.xtec.cat\/ceip-torre-llauder-mataro\/wp-json\/wp\/v2\/media?parent=3349"}],"wp:term":[{"taxonomy":"category","embeddable":true,"href":"https:\/\/agora.xtec.cat\/ceip-torre-llauder-mataro\/wp-json\/wp\/v2\/categories?post=3349"},{"taxonomy":"post_tag","embeddable":true,"href":"https:\/\/agora.xtec.cat\/ceip-torre-llauder-mataro\/wp-json\/wp\/v2\/tags?post=3349"}],"curies":[{"name":"wp","href":"https:\/\/api.w.org\/{rel}","templated":true}]}}