{"id":3293,"date":"2020-05-08T11:43:05","date_gmt":"2020-05-08T09:43:05","guid":{"rendered":"http:\/\/agora.xtec.cat\/ceip-torre-llauder-mataro\/?p=3293"},"modified":"2020-07-07T09:31:32","modified_gmt":"2020-07-07T07:31:32","slug":"preinscripcio-curs-2020-21","status":"publish","type":"post","link":"https:\/\/agora.xtec.cat\/ceip-torre-llauder-mataro\/general\/preinscripcio-curs-2020-21\/","title":{"rendered":"PREINSCRIPCI\u00d3 i MATR\u00cdCULA Curs 2020-21"},"content":{"rendered":"<p>&nbsp;<\/p>\n<p style=\"text-align: center;\"><img loading=\"lazy\" decoding=\"async\" class=\"alignnone wp-image-3407 size-full\" src=\"https:\/\/agora.xtec.cat\/ceip-torre-llauder-mataro\/wp-content\/uploads\/usu1425\/2020\/05\/Matr\u00edcula.jpg\" alt=\"\" width=\"629\" height=\"291\" \/><\/p>\n<p><span style=\"text-decoration: underline;\"><strong>CALENDARI PROVISIONAL (8 de maig)<\/strong><\/span><\/p>\n<table width=\"574\">\n<tbody>\n<tr>\n<td style=\"width: 336px;\">Publicaci\u00f3 de l&#8217;oferta inicial<\/p>\n<p>&nbsp;<\/td>\n<td style=\"width: 230px;\">8 de maig de 2020<\/td>\n<\/tr>\n<tr>\n<td style=\"width: 336px;\">&nbsp;<\/p>\n<p><strong>Presentaci\u00f3 de sol\u00b7licituds amb suport inform\u00e0tic<\/strong><\/p>\n<p>&nbsp;<\/td>\n<td style=\"width: 230px;\"><strong>del 13 al 22 de maig de 2020 <\/strong><\/td>\n<\/tr>\n<tr>\n<td style=\"width: 336px;\">&nbsp;<\/p>\n<p><strong>Presentaci\u00f3 de sol\u00b7licituds amb cita pr\u00e8via<\/strong><\/p>\n<p>&nbsp;<\/td>\n<td style=\"width: 230px;\"><strong>Del 19 al 22 de maig de 2020<\/strong><\/td>\n<\/tr>\n<tr>\n<td style=\"width: 336px;\">&nbsp;<\/p>\n<p>Publicaci\u00f3 de la llista de sol\u00b7licituds amb la <strong>puntuaci\u00f3 provisional<\/strong><\/p>\n<p>&nbsp;<\/td>\n<td style=\"width: 230px;\">29 de maig de 2020<\/td>\n<\/tr>\n<tr>\n<td style=\"width: 336px;\">&nbsp;<\/p>\n<p>Termini per presentar reclamacions a la <strong>puntuaci\u00f3 provisional<\/strong><\/p>\n<p>&nbsp;<\/td>\n<td style=\"width: 230px;\">Del 2 al 5 de juny<\/td>\n<\/tr>\n<tr>\n<td style=\"width: 336px;\">&nbsp;<\/p>\n<p>Publicaci\u00f3 de la llista de sol\u00b7licituds de preinscripci\u00f3 amb la <strong>puntuaci\u00f3 definitiva<\/strong><\/p>\n<p>&nbsp;<\/td>\n<td style=\"width: 230px;\">9 de juny de 2020<\/td>\n<\/tr>\n<tr>\n<td style=\"width: 336px;\">&nbsp;<\/p>\n<p>Sorteig del <strong>n\u00famero de desempat<\/strong><\/p>\n<p>&nbsp;<\/td>\n<td style=\"width: 230px;\">9 de juny de 2020<\/td>\n<\/tr>\n<tr>\n<td style=\"width: 336px;\">&nbsp;<\/p>\n<p>Publicaci\u00f3 de la llista ordenada definitiva<\/p>\n<p>&nbsp;<\/td>\n<td style=\"width: 230px;\">11 de juny de 2020<\/td>\n<\/tr>\n<tr>\n<td style=\"width: 336px;\">&nbsp;<\/p>\n<p>Publicaci\u00f3 de l&#8217;oferta final<\/p>\n<p>&nbsp;<\/td>\n<td style=\"width: 230px;\">6 de juliol de 2020<\/td>\n<\/tr>\n<tr>\n<td style=\"width: 336px;\">&nbsp;<\/p>\n<p>Publicaci\u00f3 de les <strong>llistes d&#8217;alumnat adm\u00e8s i llista d\u2019espera<\/strong><\/p>\n<p>&nbsp;<\/td>\n<td style=\"width: 230px;\"><strong>7 de juliol de 2020<\/strong><\/td>\n<\/tr>\n<tr>\n<td style=\"width: 336px;\">&nbsp;<\/p>\n<p><strong>Per\u00edode de matr\u00edcula<\/strong><\/p>\n<p>&nbsp;<\/td>\n<td style=\"width: 230px;\"><strong>Del 13 al 17 de juliol de 2020<\/strong><\/td>\n<\/tr>\n<\/tbody>\n<\/table>\n<p>&nbsp;<\/p>\n<p><strong>NORMATIVA DE REFER\u00c8NCIA:<\/strong><\/p>\n<div class=\"gmail_default\"><span style=\"font-family: verdana, sans-serif;\"><b>RESOLUCI\u00d3 EDU\/977\/2020, de 8 de maig, per la qual s&#8217;actualitza el procediment i es modifica la Resoluci\u00f3 EDU\/576\/2020, de 28 de febrer,<\/b><b>:<\/b><\/span><\/div>\n<div class=\"gmail_default\"><span style=\"font-family: verdana, sans-serif;\"><a href=\"https:\/\/portaldogc.gencat.cat\/utilsEADOP\/PDF\/8130\/1793813.pdf\" target=\"_blank\" rel=\"noopener noreferrer\" data-saferedirecturl=\"https:\/\/www.google.com\/url?q=https:\/\/portaldogc.gencat.cat\/utilsEADOP\/PDF\/8130\/1793813.pdf&amp;source=gmail&amp;ust=1589446039746000&amp;usg=AFQjCNEV8erfFiJTWgu6OcTHesOijNlNmQ\">https:\/\/portaldogc.gencat.cat\/<wbr \/>utilsEADOP\/PDF\/8130\/1793813.<wbr \/>pdf<\/a>\u00a0<\/span><\/div>\n<div class=\"gmail_default\"><span style=\"font-family: verdana, sans-serif;\">\u00a0<\/span><\/div>\n<div class=\"gmail_default\"><b><span style=\"font-family: verdana, sans-serif;\"><span style=\"color: #000000;\">Resoluci\u00f3 576 de febrer de 2020\u00a0<\/span>per la qual s&#8217;aproven les normes de preinscripci\u00f3 i matr\u00edcula per al curs 2020-2021:<\/span><\/b><\/div>\n<div class=\"gmail_default\"><span style=\"font-family: verdana, sans-serif;\"><a href=\"https:\/\/dogc.gencat.cat\/ca\/pdogc_canals_interns\/pdogc_resultats_fitxa\/?action=fitxa&amp;documentId=869583&amp;language=ca_ES\" target=\"_blank\" rel=\"noopener noreferrer\" data-saferedirecturl=\"https:\/\/www.google.com\/url?q=https:\/\/dogc.gencat.cat\/ca\/pdogc_canals_interns\/pdogc_resultats_fitxa\/?action%3Dfitxa%26documentId%3D869583%26language%3Dca_ES&amp;source=gmail&amp;ust=1589446039746000&amp;usg=AFQjCNHjTF0s3QyuluerT5oz0jmUmuhfPQ\">https:\/\/dogc.gencat.cat\/ca\/<wbr \/>pdogc_canals_interns\/pdogc_<wbr \/>resultats_fitxa\/?action=fitxa&amp;<wbr \/>documentId=869583&amp;language=ca_<wbr \/>ES<\/a>\u00a0\u00a0<\/span><\/div>\n<div><\/div>\n<div><\/div>\n<div><\/div>\n<div><\/div>\n<h5 style=\"text-align: center;\"><strong>TAMB\u00c9 PODEU ACCEDIR A TOTA LA INFORMACI\u00d3 REFERENT A LA PREINSCRIPCI\u00d3<\/strong><\/h5>\n<h5 style=\"text-align: center;\"><strong> EN DIFERENTS IDIOMES A TRAV\u00c9S D&#8217;AQUEST ENLLA\u00c7:\u00a0<\/strong><\/h5>\n<div><\/div>\n<div><\/div>\n<div><a href=\"http:\/\/queestudiar.gencat.cat\/ca\/preinscripcio\/info-idiomes\/\" target=\"_blank\" rel=\"noopener noreferrer\"><img loading=\"lazy\" decoding=\"async\" class=\"aligncenter wp-image-3346\" src=\"https:\/\/agora.xtec.cat\/ceip-torre-llauder-mataro\/wp-content\/uploads\/usu1425\/2020\/05\/idiomes.jpg\" alt=\"\" width=\"506\" height=\"337\" srcset=\"https:\/\/agora.xtec.cat\/ceip-torre-llauder-mataro\/wp-content\/uploads\/usu1425\/2020\/05\/idiomes.jpg 960w, https:\/\/agora.xtec.cat\/ceip-torre-llauder-mataro\/wp-content\/uploads\/usu1425\/2020\/05\/idiomes-300x200.jpg 300w, https:\/\/agora.xtec.cat\/ceip-torre-llauder-mataro\/wp-content\/uploads\/usu1425\/2020\/05\/idiomes-768x512.jpg 768w\" sizes=\"auto, (max-width: 506px) 100vw, 506px\" \/><\/a><\/div>\n<div><\/div>\n<div><\/div>\n<div style=\"text-align: center;\"><span style=\"text-decoration: underline;\"><a href=\"http:\/\/queestudiar.gencat.cat\/ca\/preinscripcio\/info-idiomes\/\">http:\/\/queestudiar.gencat.cat\/ca\/preinscripcio\/info-idiomes\/<\/a><\/span><\/div>\n","protected":false},"excerpt":{"rendered":"<p>&nbsp;<\/p>\n<p>CALENDARI PROVISIONAL (8 de maig)<\/p>\n<p>Publicaci\u00f3 de l&#8217;oferta inicial<br \/>\n&nbsp;<br \/>\n8 de maig de 2020<\/p>\n<p>&nbsp;<br \/>\nPresentaci\u00f3 de sol\u00b7licituds amb suport inform\u00e0tic<br \/>\n&nbsp;<br \/>\ndel 13 al 22 de maig de 2020 <\/p>\n<p>&nbsp;<br \/>\nPresentaci\u00f3 de sol\u00b7licituds amb cita pr\u00e8via<br \/>\n&nbsp;<br \/>\nDel 19 al 22 de maig de 2020<\/p>\n<p>&nbsp;<br \/>\nPublicaci\u00f3 de la llista de sol\u00b7licituds amb la puntuaci\u00f3&hellip;  <a href=\"https:\/\/agora.xtec.cat\/ceip-torre-llauder-mataro\/general\/preinscripcio-curs-2020-21\/\" title=\"Read PREINSCRIPCI\u00d3 i MATR\u00cdCULA Curs 2020-21\">Llegeix m\u00e9s\u00bb<\/a><\/p>\n","protected":false},"author":19,"featured_media":3407,"comment_status":"open","ping_status":"closed","sticky":false,"template":"","format":"standard","meta":{"_bbp_topic_count":0,"_bbp_reply_count":0,"_bbp_total_topic_count":0,"_bbp_total_reply_count":0,"_bbp_voice_count":0,"_bbp_anonymous_reply_count":0,"_bbp_topic_count_hidden":0,"_bbp_reply_count_hidden":0,"_bbp_forum_subforum_count":0,"footnotes":""},"categories":[1,4],"tags":[],"class_list":["post-3293","post","type-post","status-publish","format-standard","has-post-thumbnail","hentry","category-general","category-portada"],"post_mailing_queue_ids":[],"_links":{"self":[{"href":"https:\/\/agora.xtec.cat\/ceip-torre-llauder-mataro\/wp-json\/wp\/v2\/posts\/3293","targetHints":{"allow":["GET"]}}],"collection":[{"href":"https:\/\/agora.xtec.cat\/ceip-torre-llauder-mataro\/wp-json\/wp\/v2\/posts"}],"about":[{"href":"https:\/\/agora.xtec.cat\/ceip-torre-llauder-mataro\/wp-json\/wp\/v2\/types\/post"}],"author":[{"embeddable":true,"href":"https:\/\/agora.xtec.cat\/ceip-torre-llauder-mataro\/wp-json\/wp\/v2\/users\/19"}],"replies":[{"embeddable":true,"href":"https:\/\/agora.xtec.cat\/ceip-torre-llauder-mataro\/wp-json\/wp\/v2\/comments?post=3293"}],"version-history":[{"count":3,"href":"https:\/\/agora.xtec.cat\/ceip-torre-llauder-mataro\/wp-json\/wp\/v2\/posts\/3293\/revisions"}],"predecessor-version":[{"id":3434,"href":"https:\/\/agora.xtec.cat\/ceip-torre-llauder-mataro\/wp-json\/wp\/v2\/posts\/3293\/revisions\/3434"}],"wp:featuredmedia":[{"embeddable":true,"href":"https:\/\/agora.xtec.cat\/ceip-torre-llauder-mataro\/wp-json\/wp\/v2\/media\/3407"}],"wp:attachment":[{"href":"https:\/\/agora.xtec.cat\/ceip-torre-llauder-mataro\/wp-json\/wp\/v2\/media?parent=3293"}],"wp:term":[{"taxonomy":"category","embeddable":true,"href":"https:\/\/agora.xtec.cat\/ceip-torre-llauder-mataro\/wp-json\/wp\/v2\/categories?post=3293"},{"taxonomy":"post_tag","embeddable":true,"href":"https:\/\/agora.xtec.cat\/ceip-torre-llauder-mataro\/wp-json\/wp\/v2\/tags?post=3293"}],"curies":[{"name":"wp","href":"https:\/\/api.w.org\/{rel}","templated":true}]}}