{"id":3264,"date":"2020-04-30T17:01:43","date_gmt":"2020-04-30T15:01:43","guid":{"rendered":"http:\/\/agora.xtec.cat\/ceip-torre-llauder-mataro\/?p=3264"},"modified":"2020-04-30T17:50:53","modified_gmt":"2020-04-30T15:50:53","slug":"casal-destiu-2020","status":"publish","type":"post","link":"https:\/\/agora.xtec.cat\/ceip-torre-llauder-mataro\/general\/casal-destiu-2020\/","title":{"rendered":"CASAL D&#8217;ESTIU 2020"},"content":{"rendered":"<p>Benvolgudes fam\u00edlies,<\/p>\n<p><span style=\"font-family: inherit; font-size: 1em;\">Ens informen des de l&#8217;Ajuntament de Matar\u00f3 que han donat perm\u00eds per fer publicitat dels Casals d&#8217;Estiu 2020 amb l&#8217;advertiment que<\/span><b style=\"font-family: inherit; font-size: 1em;\"><u>\u00a0la realitzaci\u00f3 dels casals est\u00e0 subjecte a l&#8217;evoluci\u00f3 de la crisi i a les indicacions de les autoritats sanit\u00e0ries.<\/u><\/b><\/p>\n<div>\n<h5 style=\"text-align: center;\"><em><b>Ser\u00e0 la Conselleria de Salut i\/o el Ministeri de Sanitat\u00a0<\/b><\/em><\/h5>\n<h5 style=\"text-align: center;\"><em><b>qui\u00a0<\/b><b>decidir\u00e0 si es podran dur a terme o no els Casals d&#8217;Estiu a Matar\u00f3.\u00a0<\/b><\/em><\/h5>\n<p>&nbsp;<\/p>\n<p style=\"text-align: left;\">Cal dir que<strong> l&#8217;Associaci\u00f3 Enlleura&#8217;t est\u00e0 preparant el Casal d&#8217;Estiu Torre Llauder 2020.<\/strong><\/p>\n<p>Les <strong><span style=\"text-decoration: underline;\">preinscripcions seran del 6 al 21 de maig<\/span> a trav\u00e9s de la p\u00e0gina web de l&#8217;ajuntament <a href=\"http:\/\/www.mataro.cat\/\" target=\"_blank\" rel=\"noopener noreferrer\" data-saferedirecturl=\"https:\/\/www.google.com\/url?q=http:\/\/www.mataro.cat&amp;source=gmail&amp;ust=1588344549496000&amp;usg=AFQjCNEvlLQWn3n8DPeMEwq9CYAKmvFD7A\">www.mataro.cat<\/a>\u00a0i el tel\u00e8fon 010.<\/strong><\/p>\n<p>Avui us presentem el <strong>cartell del casal<\/strong> i us convidem a la <strong>reuni\u00f3 informativa que es far\u00e0 dissabte 9 de maig a les 19h<\/strong> a trav\u00e9s d&#8217;un directe al canal de YouTube d&#8217;Enlleura&#8217;t. Resoldran els dubtes que tingueu i explicaran el funcionament del dispositiu de preinscripcions.<\/p>\n<p>Per rebre tota la informaci\u00f3 actualitzada cal que seguiu els canals de comunicaci\u00f3 d&#8217;Enlleura&#8217;t:<\/p>\n<p>INSTAGRAM:\u00a0 <a href=\"https:\/\/www.instagram.com\/torrellauderenlleurat\/\" target=\"_blank\" rel=\"noopener noreferrer\" data-saferedirecturl=\"https:\/\/www.google.com\/url?q=https:\/\/www.instagram.com\/torrellauderenlleurat\/&amp;source=gmail&amp;ust=1588344549496000&amp;usg=AFQjCNEYgPquDmpQqq4xSqegMic-3aB5sQ\">https:\/\/www.instagram.com\/<wbr \/>torrellauderenlleurat\/<\/a><\/p>\n<p>FACEBOOK:\u00a0 <a href=\"http:\/\/www.facebook.com\/Casal-Estiu-Torre-Llauder-Enlleurat-559656451089847\" target=\"_blank\" rel=\"noopener noreferrer\" data-saferedirecturl=\"https:\/\/www.google.com\/url?q=http:\/\/www.facebook.com\/Casal-Estiu-Torre-Llauder-Enlleurat-559656451089847&amp;source=gmail&amp;ust=1588344549496000&amp;usg=AFQjCNEzssbImk7lrYlAm58Zl8J2UxSzBg\">www.facebook.com\/Casal-Estiu-<wbr \/>Torre-Llauder-Enlleurat-<wbr \/>559656451089847<\/a><\/p>\n<p><a href=\"https:\/\/agora.xtec.cat\/ceip-torre-llauder-mataro\/wp-content\/uploads\/usu1425\/2020\/04\/Casal.jpeg\" target=\"_blank\" rel=\"noopener noreferrer\"><img loading=\"lazy\" decoding=\"async\" class=\"alignnone wp-image-3265\" src=\"https:\/\/agora.xtec.cat\/ceip-torre-llauder-mataro\/wp-content\/uploads\/usu1425\/2020\/04\/Casal-724x1024.jpeg\" alt=\"\" width=\"217\" height=\"307\" srcset=\"https:\/\/agora.xtec.cat\/ceip-torre-llauder-mataro\/wp-content\/uploads\/usu1425\/2020\/04\/Casal-724x1024.jpeg 724w, https:\/\/agora.xtec.cat\/ceip-torre-llauder-mataro\/wp-content\/uploads\/usu1425\/2020\/04\/Casal-212x300.jpeg 212w, https:\/\/agora.xtec.cat\/ceip-torre-llauder-mataro\/wp-content\/uploads\/usu1425\/2020\/04\/Casal-768x1086.jpeg 768w, https:\/\/agora.xtec.cat\/ceip-torre-llauder-mataro\/wp-content\/uploads\/usu1425\/2020\/04\/Casal.jpeg 1131w\" sizes=\"auto, (max-width: 217px) 100vw, 217px\" \/><\/a><\/p>\n<\/div>\n","protected":false},"excerpt":{"rendered":"<p>Benvolgudes fam\u00edlies,<br \/>\nEns informen des de l&#8217;Ajuntament de Matar\u00f3 que han donat perm\u00eds per fer publicitat dels Casals d&#8217;Estiu 2020 amb l&#8217;advertiment que\u00a0la realitzaci\u00f3 dels casals est\u00e0 subjecte a l&#8217;evoluci\u00f3 de la crisi i a les indicacions de les autoritats sanit\u00e0ries.<\/p>\n<p>Ser\u00e0 la Conselleria de Salut i\/o&hellip;  <a href=\"https:\/\/agora.xtec.cat\/ceip-torre-llauder-mataro\/general\/casal-destiu-2020\/\" title=\"Read CASAL D&#8217;ESTIU 2020\">Llegeix m\u00e9s\u00bb<\/a><\/p>\n","protected":false},"author":19,"featured_media":0,"comment_status":"open","ping_status":"closed","sticky":false,"template":"","format":"standard","meta":{"_bbp_topic_count":0,"_bbp_reply_count":0,"_bbp_total_topic_count":0,"_bbp_total_reply_count":0,"_bbp_voice_count":0,"_bbp_anonymous_reply_count":0,"_bbp_topic_count_hidden":0,"_bbp_reply_count_hidden":0,"_bbp_forum_subforum_count":0,"footnotes":""},"categories":[7,1,4],"tags":[],"class_list":["post-3264","post","type-post","status-publish","format-standard","hentry","category-afa","category-general","category-portada"],"post_mailing_queue_ids":[],"_links":{"self":[{"href":"https:\/\/agora.xtec.cat\/ceip-torre-llauder-mataro\/wp-json\/wp\/v2\/posts\/3264","targetHints":{"allow":["GET"]}}],"collection":[{"href":"https:\/\/agora.xtec.cat\/ceip-torre-llauder-mataro\/wp-json\/wp\/v2\/posts"}],"about":[{"href":"https:\/\/agora.xtec.cat\/ceip-torre-llauder-mataro\/wp-json\/wp\/v2\/types\/post"}],"author":[{"embeddable":true,"href":"https:\/\/agora.xtec.cat\/ceip-torre-llauder-mataro\/wp-json\/wp\/v2\/users\/19"}],"replies":[{"embeddable":true,"href":"https:\/\/agora.xtec.cat\/ceip-torre-llauder-mataro\/wp-json\/wp\/v2\/comments?post=3264"}],"version-history":[{"count":3,"href":"https:\/\/agora.xtec.cat\/ceip-torre-llauder-mataro\/wp-json\/wp\/v2\/posts\/3264\/revisions"}],"predecessor-version":[{"id":3275,"href":"https:\/\/agora.xtec.cat\/ceip-torre-llauder-mataro\/wp-json\/wp\/v2\/posts\/3264\/revisions\/3275"}],"wp:attachment":[{"href":"https:\/\/agora.xtec.cat\/ceip-torre-llauder-mataro\/wp-json\/wp\/v2\/media?parent=3264"}],"wp:term":[{"taxonomy":"category","embeddable":true,"href":"https:\/\/agora.xtec.cat\/ceip-torre-llauder-mataro\/wp-json\/wp\/v2\/categories?post=3264"},{"taxonomy":"post_tag","embeddable":true,"href":"https:\/\/agora.xtec.cat\/ceip-torre-llauder-mataro\/wp-json\/wp\/v2\/tags?post=3264"}],"curies":[{"name":"wp","href":"https:\/\/api.w.org\/{rel}","templated":true}]}}