{"id":3167,"date":"2020-04-03T09:40:11","date_gmt":"2020-04-03T07:40:11","guid":{"rendered":"http:\/\/agora.xtec.cat\/ceip-torre-llauder-mataro\/?p=3167"},"modified":"2020-04-03T15:41:01","modified_gmt":"2020-04-03T13:41:01","slug":"deures-de-setmana-santa-4t","status":"publish","type":"post","link":"https:\/\/agora.xtec.cat\/ceip-torre-llauder-mataro\/primaria\/4t\/deures-de-setmana-santa-4t\/","title":{"rendered":"Tasques de Setmana Santa 4t"},"content":{"rendered":"<p><strong><u>TASQUES DE SETMANA SANTA (de 30m a 1h di\u00e0ria)<\/u><\/strong><\/p>\n<p><strong><u>\u00a0<\/u><\/strong><\/p>\n<table>\n<tbody>\n<tr>\n<td width=\"121\"><strong>DISSABTE 4 D\u2019ABRIL<\/strong><\/td>\n<td width=\"121\"><strong>DIUMENGE<\/strong><\/p>\n<p><strong>5 D\u2019ABRIL<\/strong><\/td>\n<td width=\"121\"><strong>DILLUNS<\/strong><\/p>\n<p><strong>6 D\u2019ABRIL<\/strong><\/td>\n<td width=\"121\"><strong>DIMARTS<\/strong><\/p>\n<p><strong>7 D\u2019ABRIL<\/strong><\/td>\n<td width=\"121\"><strong>DIMECRES 8 D\u2019ABRIL<\/strong><\/td>\n<\/tr>\n<tr>\n<td width=\"121\"><strong>\u00a0<\/strong><\/p>\n<p><strong>Operacions<\/strong><\/p>\n<p style=\"text-align: center;\"><strong>i <\/strong><\/p>\n<p><strong>Geometria<\/strong><\/p>\n<p><strong><u>\u00a0<\/u><\/strong><\/td>\n<td width=\"121\"><strong>\u00a0<\/strong><\/p>\n<p><strong>\u00a0<\/strong><\/p>\n<p><strong>FESTA <\/strong><\/td>\n<td width=\"121\"><strong>\u00a0<\/strong><\/p>\n<p><strong>Men\u00fa i Pir\u00e0mide de l\u2019alimentaci\u00f3<\/strong><\/td>\n<td width=\"121\"><strong>\u00a0<\/strong><\/p>\n<p><strong>Comprensi\u00f3 lectora<\/strong><\/td>\n<td width=\"121\"><strong>\u00a0<\/strong><\/p>\n<p><strong>M\u00fasica<\/strong><\/td>\n<\/tr>\n<\/tbody>\n<\/table>\n<p><strong><u>\u00a0<\/u><\/strong><\/p>\n<table width=\"604\">\n<tbody>\n<tr>\n<td width=\"121\"><strong>\u00a0<\/strong><\/p>\n<p><strong>DIJOUS<\/strong><\/p>\n<p><strong>9 D\u2019ABRIL<\/strong><\/td>\n<td width=\"121\"><strong>\u00a0<\/strong><\/p>\n<p><strong>DIVENDRES<\/strong><\/p>\n<p><strong>10 D\u2019ABRIL<\/strong><\/td>\n<td width=\"121\"><strong>\u00a0<\/strong><\/p>\n<p><strong>DISSABTE<\/strong><\/p>\n<p><strong>11D\u2019ABRIL<\/strong><\/td>\n<td width=\"121\"><strong>\u00a0<\/strong><\/p>\n<p><strong>DIUMENGE 12 I<\/strong><\/p>\n<p><strong>DILLUNS 13 D\u2019ABRIL<\/strong><\/td>\n<td width=\"121\"><strong>\u00a0<\/strong><\/p>\n<p><strong>DIMART 14 D\u2019ABRIL<\/strong><\/td>\n<\/tr>\n<tr>\n<td width=\"121\"><strong>\u00a0<\/strong><\/p>\n<p><strong>Problemes <\/strong><\/p>\n<p><strong><u>\u00a0<\/u><\/strong><\/td>\n<td width=\"121\"><strong>\u00a0<\/strong><\/p>\n<p><strong>Expressi\u00f3 escrita<\/strong><\/td>\n<td width=\"121\"><strong>\u00a0<\/strong><\/p>\n<p><strong>Racons matem\u00e0tics<\/strong><\/p>\n<p><strong><u>\u00a0<\/u><\/strong><\/td>\n<td width=\"121\"><strong>\u00a0<\/strong><\/p>\n<p><strong>Pl\u00e0stica<\/strong><\/p>\n<p><strong>(Opcional)<\/strong><\/td>\n<td width=\"121\"><strong>\u00a0<\/strong><\/p>\n<p><strong>Reflexi\u00f3<\/strong><\/td>\n<\/tr>\n<\/tbody>\n<\/table>\n<p>&nbsp;<\/p>\n<ul>\n<li><strong><u>DISSABTE 4 D\u2019ABRIL:<\/u><\/strong><\/li>\n<\/ul>\n<p><strong><u>Resol aquestes operacions <\/u><\/strong><\/p>\n<p>Les operacions escrites en horitzontal en una llibreta o en un full.<\/p>\n<p>Una vegada fetes les operacions, podeu fer la correcci\u00f3 amb la calculadora.<\/p>\n<p>3.203 + 2.329 =<\/p>\n<p>4.139 + 258 + 14 =<\/p>\n<p>16.267 \u2013 3.019 =<\/p>\n<p>2.034 \u2013 346 =<\/p>\n<p>4.507 X 6 =<\/p>\n<p>6.351 x 45 =<\/p>\n<p>896 : 7 =<\/p>\n<p>5.358: 3 =<\/p>\n<p><strong><u>Geometria <\/u><\/strong><\/p>\n<p><strong>LA TAULA DE SURF QUE ES VA TRANSFORMAR EN UN QUADRAT.<\/strong><\/p>\n<p>-La J\u00falia tenia una taula de surf que es va trencar en tres parts. En tornar-la la compondre es va equivocar i li va sortir un quadrat. <strong>Pots fer un quadrat amb aquestes tres peces?<\/strong><\/p>\n<p>Dibuixa la taula de surf (amb les mides donades), retalla i, despr\u00e9s enganxa en un altre full el quadrat, si l\u2019has pogut fer.<\/p>\n<p><strong><u><a href=\"https:\/\/agora.xtec.cat\/ceip-torre-llauder-mataro\/wp-content\/uploads\/usu1425\/2020\/04\/surf-1.tif\"><img loading=\"lazy\" decoding=\"async\" class=\"alignnone size-large wp-image-3169\" src=\"https:\/\/agora.xtec.cat\/ceip-torre-llauder-mataro\/wp-content\/uploads\/usu1425\/2020\/04\/surf-1.tif\" alt=\"\" width=\"1\" height=\"1\" \/><\/a><a href=\"https:\/\/agora.xtec.cat\/ceip-torre-llauder-mataro\/wp-content\/uploads\/usu1425\/2020\/04\/surf.tif\" target=\"_blank\" rel=\"noopener noreferrer\">Imatge<\/a><\/u><\/strong><\/p>\n<ul>\n<li><strong><u>DILLUNS 6 D\u2019ABRIL<\/u><\/strong><\/li>\n<\/ul>\n<p><strong><u>L\u2019ALIMENTACI\u00d3<\/u><\/strong><\/p>\n<p><strong>Dibuixa una taula<\/strong> com aquesta en un full o llibreta (en horitzontal t\u2019anir\u00e0 millor).\u00a0 Si la pots imprimir,\u00a0 copia i enganxa la taula en un document Word. \u00a0Ara, <strong>escriu durant la setmana el teu men\u00fa diari.<\/strong><\/p>\n<p><strong>MEN\u00da SETMANAL<\/strong><\/p>\n<table width=\"671\">\n<tbody>\n<tr>\n<td width=\"85\"><strong>Dia de la setmana<\/strong><\/td>\n<td width=\"117\"><strong>ESMORZAR<\/strong><\/td>\n<td width=\"117\"><strong>MIG MAT\u00cd<\/strong><\/td>\n<td width=\"117\"><strong>DINAR<\/strong><\/td>\n<td width=\"117\"><strong>BERENAR<\/strong><\/td>\n<td width=\"117\"><strong>SOPAR<\/strong><\/td>\n<\/tr>\n<tr>\n<td width=\"85\"><strong>\u00a0<\/strong><\/td>\n<td width=\"117\"><strong>\u00a0<\/strong><\/td>\n<td width=\"117\"><strong>\u00a0<\/strong><\/td>\n<td width=\"117\"><strong>\u00a0<\/strong><\/td>\n<td width=\"117\"><strong>\u00a0<\/strong><\/td>\n<td width=\"117\"><strong>\u00a0<\/strong><\/td>\n<\/tr>\n<tr>\n<td width=\"85\"><strong>\u00a0<\/strong><\/td>\n<td width=\"117\"><strong>\u00a0<\/strong><\/p>\n<p><strong>\u00a0<\/strong><\/p>\n<p><strong>\u00a0<\/strong><\/td>\n<td width=\"117\"><strong>\u00a0<\/strong><\/td>\n<td width=\"117\"><strong>\u00a0<\/strong><\/td>\n<td width=\"117\"><strong>\u00a0<\/strong><\/td>\n<td width=\"117\"><strong>\u00a0<\/strong><\/td>\n<\/tr>\n<tr>\n<td width=\"85\"><strong>\u00a0<\/strong><\/td>\n<td width=\"117\"><strong>\u00a0<\/strong><\/p>\n<p><strong>\u00a0<\/strong><\/p>\n<p><strong>\u00a0<\/strong><\/p>\n<p><strong>\u00a0<\/strong><\/p>\n<p><strong>\u00a0<\/strong><\/p>\n<p><strong>\u00a0<\/strong><\/td>\n<td width=\"117\"><strong>\u00a0<\/strong><\/td>\n<td width=\"117\"><strong>\u00a0<\/strong><\/td>\n<td width=\"117\"><strong>\u00a0<\/strong><\/td>\n<td width=\"117\"><strong>\u00a0<\/strong><\/td>\n<\/tr>\n<tr>\n<td width=\"85\"><strong>\u00a0<\/strong><\/td>\n<td width=\"117\"><strong>\u00a0<\/strong><\/p>\n<p><strong>\u00a0<\/strong><\/p>\n<p><strong>\u00a0<\/strong><\/p>\n<p><strong>\u00a0<\/strong><\/p>\n<p><strong>\u00a0<\/strong><\/p>\n<p><strong>\u00a0<\/strong><\/td>\n<td width=\"117\"><strong>\u00a0<\/strong><\/td>\n<td width=\"117\"><strong>\u00a0<\/strong><\/td>\n<td width=\"117\"><strong>\u00a0<\/strong><\/td>\n<td width=\"117\"><strong>\u00a0<\/strong><\/td>\n<\/tr>\n<tr>\n<td width=\"85\"><strong>\u00a0<\/strong><\/td>\n<td width=\"117\"><strong>\u00a0<\/strong><\/p>\n<p><strong>\u00a0<\/strong><\/p>\n<p><strong>\u00a0<\/strong><\/p>\n<p><strong>\u00a0<\/strong><\/p>\n<p><strong>\u00a0<\/strong><\/p>\n<p><strong>\u00a0<\/strong><\/td>\n<td width=\"117\"><strong>\u00a0<\/strong><\/td>\n<td width=\"117\"><strong>\u00a0<\/strong><\/td>\n<td width=\"117\"><strong>\u00a0<\/strong><\/td>\n<td width=\"117\"><strong>\u00a0<\/strong><\/td>\n<\/tr>\n<tr>\n<td width=\"85\"><strong>\u00a0<\/strong><\/td>\n<td width=\"117\"><strong>\u00a0<\/strong><\/p>\n<p><strong>\u00a0<\/strong><\/p>\n<p><strong>\u00a0<\/strong><\/p>\n<p><strong>\u00a0<\/strong><\/p>\n<p><strong>\u00a0<\/strong><\/p>\n<p><strong>\u00a0<\/strong><\/td>\n<td width=\"117\"><strong>\u00a0<\/strong><\/td>\n<td width=\"117\"><strong>\u00a0<\/strong><\/td>\n<td width=\"117\"><strong>\u00a0<\/strong><\/td>\n<td width=\"117\"><strong>\u00a0<\/strong><\/td>\n<\/tr>\n<tr>\n<td width=\"85\"><strong>\u00a0<\/strong><\/td>\n<td width=\"117\"><strong>\u00a0<\/strong><\/p>\n<p><strong>\u00a0<\/strong><\/p>\n<p><strong>\u00a0<\/strong><\/p>\n<p><strong>\u00a0<\/strong><\/p>\n<p><strong>\u00a0<\/strong><\/p>\n<p><strong>\u00a0<\/strong><\/td>\n<td width=\"117\"><strong>\u00a0<\/strong><\/td>\n<td width=\"117\"><strong>\u00a0<\/strong><\/td>\n<td width=\"117\"><strong>\u00a0<\/strong><\/td>\n<td width=\"117\"><strong>\u00a0<\/strong><\/td>\n<\/tr>\n<\/tbody>\n<\/table>\n<p><strong>\u00a0<\/strong><\/p>\n<p><strong>\u00a0\u00a0\u00a0\u00a0 \u00a0<u>PIR\u00c0MIDE DE L\u2019ALIMENTACI\u00d3<\/u><\/strong><\/p>\n<p>La pir\u00e0mide mostra d\u2019una manera gr\u00e0fica, senzilla i entenedora quins aliments i quantitats s\u00f3n els adients per a una alimentaci\u00f3 saludable en la nostra vida quotidiana.<\/p>\n<p>Link del p\u00f2ster:<\/p>\n<p><a href=\"http:\/\/salutpublica.gencat.cat\/.content\/minisite\/aspcat\/promocio_salut\/alimentacio_saludable\/02Publicacions\/pub_alim_salu_tothom\/piramide_alimentacio_saludable\/poster_piramide.pdf\">http:\/\/salutpublica.gencat.cat\/.content\/minisite\/aspcat\/promocio_salut\/alimentacio_saludable\/02Publicacions\/pub_alim_salu_tothom\/piramide_alimentacio_saludable\/poster_piramide.pdf<\/a><\/p>\n<p>Link d\u2019un v\u00eddeo explicatiu de la pir\u00e0mide:<\/p>\n<p><a href=\"https:\/\/www.gencat.cat\/big\/visormedia\/base\/index.html?type=default&amp;idBig=8786025812020413&amp;idNice=bb3959cc402e9e817f2c&amp;subt=true\">https:\/\/www.gencat.cat\/big\/visormedia\/base\/index.html?type=default&amp;idBig=8786025812020413&amp;idNice=bb3959cc402e9e817f2c&amp;subt=true<\/a><\/p>\n<ul>\n<li>En motiu del confinament pel COVID-19 ens han canviat a tots l\u2019estil de vida. En general, nom\u00e9s podem sortir a comprar aliments.<strong> Pregunta<\/strong> a casa <strong>quins han estat els aliments de la \u00faltima compra,<\/strong> (uns 10 productes com a m\u00e0xim), i <strong>escriu la llista<\/strong> en un full blanc, llibreta o document Word.<\/li>\n<\/ul>\n<p>1.<\/p>\n<p>2.<\/p>\n<p>3.<\/p>\n<p>4.<\/p>\n<p>5.<\/p>\n<p>6.<\/p>\n<p>7.<\/p>\n<p>8.<\/p>\n<p>9.<\/p>\n<p>10.<\/p>\n<ul>\n<li>Ara <strong>classifica els aliments de la teva llista a la pir\u00e0mide<\/strong> seguint el model de la pir\u00e0mide aliment\u00e0ria de la imatge anterior.<\/li>\n<\/ul>\n<p>Primer, \u00a0haur\u00e0s de <strong>dibuixar \u00a0la pir\u00e0mide<\/strong> en un full o llibreta, o si vols, \u00a0tamb\u00e9 la pots copiar i imprimir en un document Word. <strong>Despr\u00e9s classificar els aliments comprats. Ho podr\u00e0s fer\u00a0 mitjan\u00e7ant un dibuix i a sota escriure el nom de l\u2019aliment.<\/strong><\/p>\n<p style=\"text-align: center;\"><img loading=\"lazy\" decoding=\"async\" class=\"alignnone wp-image-3171 size-full\" src=\"https:\/\/agora.xtec.cat\/ceip-torre-llauder-mataro\/wp-content\/uploads\/usu1425\/2020\/04\/piramide.png\" alt=\"\" width=\"271\" height=\"251\" \/><\/p>\n<p>&nbsp;<\/p>\n<ul>\n<li><strong><u>DIMARTS 7 D\u2019ABRIL<\/u><\/strong><\/li>\n<\/ul>\n<p><strong><u>Comprensi\u00f3 lectora <\/u><\/strong><\/p>\n<ul>\n<li><strong>Obriu el document Word &#8211; Comprensi\u00f3 lectora<\/strong>. Escriviu en un full o llibreta el <strong>n\u00famero de cada pregunta i escriviu la resposta al costat<\/strong>. Si podeu, imprimiu el document a casa.<\/li>\n<li><a href=\"https:\/\/agora.xtec.cat\/ceip-torre-llauder-mataro\/wp-content\/uploads\/usu1425\/2020\/04\/comprensio-lectora.pdf\">comprensio lectora<\/a><\/li>\n<\/ul>\n<p>Us passarem el solucionari \u00a0el dia 14 d\u2019abril.<\/p>\n<ul>\n<li><strong><u>DIMECRES 8 D\u2019ABRIL <\/u><\/strong><\/li>\n<\/ul>\n<p><strong><u>M\u00fasica <\/u><\/strong><\/p>\n<p>PERCUSSI\u00d3 AMB GOT DE PL\u00c0STIC:<\/p>\n<p><strong>Agafeu un got de pl\u00e0stic<\/strong> d&#8217;aquests t\u00edpics de festa major, si no en teniu una ampolla de pl\u00e0stic tamb\u00e9 pot servir. Sigueu enginyosos! Nom\u00e9s <strong>heu de seguir les instruccions d&#8217;aquest senzill tutorial. (V\u00eddeo adjunt)<\/strong><\/p>\n<p>&nbsp;<\/p>\n<p>Quan tingueu ben apr\u00e8s el ritme podeu cantar a sobre la proposta del tutorial o la can\u00e7\u00f3 que m\u00e9s us agradi. Penseu que no podeu perdre el ritme! I podeu enviar-me el resultat en forma de v\u00eddeo o \u00e0udio a <a href=\"mailto:egrifol3@escolatorrellauder.cat\">egrifol3@escolatorrellauder.cat<\/a><\/p>\n<p>&nbsp;<\/p>\n<ul>\n<li><strong><u>DIJOUS 9 D\u2019ABRIL<\/u><\/strong><\/li>\n<\/ul>\n<p><strong><u>Problemes <\/u><\/strong><\/p>\n<p><strong>Llegeix \u00a0i c\u00f2pia cada problema i pensa si \u00e9s una situaci\u00f3 que t\u00e9 soluci\u00f3 o no. <\/strong><\/p>\n<p><strong>Respon cada vegada S\u00cd o NO, i a sota explica el per qu\u00e8.<\/strong><\/p>\n<p>1.- <strong>La M\u00f3nica t\u00e9 48 anys.<\/strong><\/p>\n<p>Ara fa 50 anys va comen\u00e7ar a anar a l\u2019escola.<\/p>\n<p>Quants anys tenia llavors?<\/p>\n<p><strong>__________________________________________________________________________________<\/strong><\/p>\n<p>2.- <strong>Un nen t\u00e9 30 bales i juga tres partides:<\/strong><\/p>\n<p>En la primera, en guanya 5 i en la segona, en guanya el triple. Al final en t\u00e9 30.<\/p>\n<p>Qu\u00e8 li ha passat a la tercera partida?<\/p>\n<p><strong>__________________________________________________________________________________<\/strong><\/p>\n<p>3.- <strong>Tres amics necessiten 40 cromos per jugar.<\/strong><\/p>\n<p>El primer amic en t\u00e9 15 cromos i el segon amic en t\u00e9 10 menys.<\/p>\n<p>Quantes n\u2019hauria de portar el tercer amic per completar tot el joc?<\/p>\n<p><strong>__________________________________________________________________________________<\/strong><\/p>\n<p>&nbsp;<\/p>\n<ul>\n<li><strong><u>DIVENDRES 10 D\u2019ABRIL<\/u><\/strong><\/li>\n<\/ul>\n<p><strong><u>IMPORTANT: Aquesta activitat \u00a0d\u2019EXPRESSI\u00d3 ESCRITA s\u2019ha d\u2019enviar a la TUTORA. <\/u><\/strong><\/p>\n<p><strong>C\u00f3m?\u00a0 Hi ha diferents possibilitats:<\/strong><\/p>\n<ol>\n<li>Fer una foto de la redacci\u00f3 amb el m\u00f2bil i enviar-la al correu de la tutora.<\/li>\n<li>Fer un document Word i adjuntar-lo en un missatge i enviar-li a la tutora.<\/li>\n<li>En el bloc de l\u2019escola, al bloc concret de 4t busca l\u2019article que posi \u201cExpressi\u00f3 escrita 4t-Activitat preferida\u201d. Envia un comentari escrivint la teva redacci\u00f3.<\/li>\n<\/ol>\n<p><strong><u>Expressi\u00f3 escrita <\/u><\/strong><\/p>\n<p><strong>Entreu al bloc de l\u2019escola <\/strong>i mireu els articles publicats. Penseu <strong>de les activitats<\/strong> que hagueu participat <strong>quina ha estat la que m\u00e9s us va agradar. <\/strong><\/p>\n<p><strong>Expliqueu en un full<\/strong> quan i on va ser, qui va participar i en qu\u00e8 consistia. Finalment escriu el per qu\u00e8 l\u2019heu escollit i si modificar\u00edeu alguna cosa.<\/p>\n<p>Ha de tenir un m\u00e0xim d\u2019unes 8\u00a0 l\u00ednies.<\/p>\n<p>&nbsp;<\/p>\n<ul>\n<li><strong><u>DISSABTE 11 D\u2019ABRIL <\/u><\/strong><\/li>\n<\/ul>\n<p><strong><u>Rac\u00f3 de matem\u00e0tiques <\/u><\/strong><\/p>\n<p>Podeu jugar a jocs de taula que tingueu a casa per\u00f2 sin\u00f3 podeu jugar aquest joc online:<\/p>\n<ul>\n<li>Joc de l&#8217;UNO:\u00a0<a href=\"https:\/\/www.1001juegos.com\/juego\/uno-online\">https:\/\/www.1001juegos.com\/juego\/uno-online<\/a><\/li>\n<\/ul>\n<p><strong><u>Pl\u00e0stica<\/u><\/strong><\/p>\n<ul>\n<li>Podeu dibuixar un ou de Pasqua i decorar-lo com m\u00e9s us agradi. \u00a0Tamb\u00e9 teniu l\u2019opci\u00f3 de bullir i pintar-los amb pintures.<\/li>\n<\/ul>\n<p>Us deixem unes imatges amb diferents t\u00e8cniques.<\/p>\n<p>&nbsp;<\/p>\n<p><img loading=\"lazy\" decoding=\"async\" class=\"aligncenter wp-image-3172\" src=\"https:\/\/agora.xtec.cat\/ceip-torre-llauder-mataro\/wp-content\/uploads\/usu1425\/2020\/04\/ous.jpg\" alt=\"\" width=\"195\" height=\"153\" srcset=\"https:\/\/agora.xtec.cat\/ceip-torre-llauder-mataro\/wp-content\/uploads\/usu1425\/2020\/04\/ous.jpg 600w, https:\/\/agora.xtec.cat\/ceip-torre-llauder-mataro\/wp-content\/uploads\/usu1425\/2020\/04\/ous-300x235.jpg 300w\" sizes=\"auto, (max-width: 195px) 100vw, 195px\" \/><img loading=\"lazy\" decoding=\"async\" class=\"aligncenter wp-image-3173\" src=\"https:\/\/agora.xtec.cat\/ceip-torre-llauder-mataro\/wp-content\/uploads\/usu1425\/2020\/04\/ous1.png\" alt=\"\" width=\"228\" height=\"170\" srcset=\"https:\/\/agora.xtec.cat\/ceip-torre-llauder-mataro\/wp-content\/uploads\/usu1425\/2020\/04\/ous1.png 450w, https:\/\/agora.xtec.cat\/ceip-torre-llauder-mataro\/wp-content\/uploads\/usu1425\/2020\/04\/ous1-300x223.png 300w, https:\/\/agora.xtec.cat\/ceip-torre-llauder-mataro\/wp-content\/uploads\/usu1425\/2020\/04\/ous1-200x150.png 200w\" sizes=\"auto, (max-width: 228px) 100vw, 228px\" \/><\/p>\n<p>&nbsp;<\/p>\n<ul>\n<li><strong><u>DIMARTS 14 D\u2019ABRIL<\/u><\/strong><\/li>\n<\/ul>\n<p><strong><u>Reflexi\u00f3<\/u><\/strong><\/p>\n<p><strong>Observant el teu men\u00fa setmanal contesta el seg\u00fcent q\u00fcestionari. Senyala amb una creu la resposta <\/strong>que s\u2019aproximi m\u00e9s al que consumeixes tu.<\/p>\n<p>Pots copiar les preguntes i contestar-les en un full o b\u00e9 copiar la taula i imprimir-la en un document Word.<\/p>\n<table>\n<tbody>\n<tr>\n<td width=\"344\"><strong>Q\u00dcESTIONARI<\/strong><\/td>\n<td width=\"65\"><strong>SI<\/strong><\/td>\n<td width=\"65\"><strong>NO<\/strong><\/td>\n<td width=\"83\"><strong>A<\/strong><\/p>\n<p><strong>VEGADES<\/strong><\/td>\n<\/tr>\n<tr>\n<td width=\"344\"><strong>\u00a0<\/strong><\/p>\n<p><strong>1.Menges de 3 a 5 peces de fruita al dia?<\/strong><\/td>\n<td width=\"65\"><strong>\u00a0<\/strong><\/td>\n<td width=\"65\"><strong>\u00a0<\/strong><\/td>\n<td width=\"83\"><strong>\u00a0<\/strong><\/td>\n<\/tr>\n<tr>\n<td width=\"344\"><strong>\u00a0<\/strong><\/p>\n<p><strong>2.Consumeixes 2 hortalisses al dia com a m\u00ednim?<\/strong><\/td>\n<td width=\"65\"><strong>\u00a0<\/strong><\/td>\n<td width=\"65\"><strong>\u00a0<\/strong><\/td>\n<td width=\"83\"><strong>\u00a0<\/strong><\/td>\n<\/tr>\n<tr>\n<td width=\"344\"><strong>\u00a0<\/strong><\/p>\n<p><strong>3.Menges 3 o 4 vegades llegums a la setmana?<\/strong><\/td>\n<td width=\"65\"><strong>\u00a0<\/strong><\/td>\n<td width=\"65\"><strong>\u00a0<\/strong><\/td>\n<td width=\"83\"><strong>\u00a0<\/strong><\/td>\n<\/tr>\n<tr>\n<td width=\"344\"><strong>\u00a0<\/strong><\/p>\n<p><strong>4.Consumeixes 1 grapat de fruita seca al dia?<\/strong><\/td>\n<td width=\"65\"><strong>\u00a0<\/strong><\/td>\n<td width=\"65\"><strong>\u00a0<\/strong><\/td>\n<td width=\"83\"><strong>\u00a0<\/strong><\/td>\n<\/tr>\n<tr>\n<td width=\"344\"><strong>\u00a0<\/strong><\/p>\n<p><strong>5.Beus sempre aigua durant els \u00e0pats?<\/strong><\/td>\n<td width=\"65\"><strong>\u00a0<\/strong><\/td>\n<td width=\"65\"><strong>\u00a0<\/strong><\/td>\n<td width=\"83\"><strong>\u00a0<\/strong><\/td>\n<\/tr>\n<tr>\n<td width=\"344\"><strong>\u00a0<\/strong><\/p>\n<p><strong>6.Utilitzeu oli d\u2019oliva? <\/strong><\/td>\n<td width=\"65\"><strong>\u00a0<\/strong><\/td>\n<td width=\"65\"><strong>\u00a0<\/strong><\/td>\n<td width=\"83\"><strong>\u00a0<\/strong><\/td>\n<\/tr>\n<tr>\n<td width=\"344\"><strong>\u00a0<\/strong><\/p>\n<p><strong>7.Consumeixes aliments de proximitat?<\/strong><\/td>\n<td width=\"65\"><strong>\u00a0<\/strong><\/td>\n<td width=\"65\"><strong>\u00a0<\/strong><\/td>\n<td width=\"83\"><strong>\u00a0<\/strong><\/td>\n<\/tr>\n<tr>\n<td width=\"344\"><strong>\u00a0<\/strong><\/p>\n<p><strong>8.Beus begudes ensucrades?<\/strong><\/td>\n<td width=\"65\"><strong>\u00a0<\/strong><\/td>\n<td width=\"65\"><strong>\u00a0<\/strong><\/td>\n<td width=\"83\"><strong>\u00a0<\/strong><\/td>\n<\/tr>\n<tr>\n<td width=\"344\"><strong>\u00a0<\/strong><\/p>\n<p><strong>9.Prens \u201cbolleria\u201d?<\/strong><\/td>\n<td width=\"65\"><strong>\u00a0<\/strong><\/td>\n<td width=\"65\"><strong>\u00a0<\/strong><\/td>\n<td width=\"83\"><strong>\u00a0<\/strong><\/td>\n<\/tr>\n<tr>\n<td width=\"344\"><strong>\u00a0<\/strong><\/p>\n<p><strong>10.Menges carn de vedella dues vegades per setmana?<\/strong><\/td>\n<td width=\"65\"><strong>\u00a0<\/strong><\/td>\n<td width=\"65\"><strong>\u00a0<\/strong><\/td>\n<td width=\"83\"><strong>\u00a0<\/strong><\/td>\n<\/tr>\n<tr>\n<td width=\"344\"><strong>\u00a0<\/strong><\/p>\n<p><strong>11.Menges ous 2 o 3 vegades per setmana?<\/strong><\/td>\n<td width=\"65\"><strong>\u00a0<\/strong><\/td>\n<td width=\"65\"><strong>\u00a0<\/strong><\/td>\n<td width=\"83\"><strong>\u00a0<\/strong><\/td>\n<\/tr>\n<tr>\n<td width=\"344\"><strong>\u00a0<\/strong><\/p>\n<p><strong>12.Consumeix peix 2 o 3 vegades per setmana?<\/strong><\/td>\n<td width=\"65\"><strong>\u00a0<\/strong><\/td>\n<td width=\"65\"><strong>\u00a0<\/strong><\/td>\n<td width=\"83\"><strong>\u00a0<\/strong><\/td>\n<\/tr>\n<tr>\n<td width=\"344\"><strong>\u00a0<\/strong><\/p>\n<p><strong>13.Menges embotits cada dia?<\/strong><\/td>\n<td width=\"65\"><strong>\u00a0<\/strong><\/td>\n<td width=\"65\"><strong>\u00a0<\/strong><\/td>\n<td width=\"83\"><strong>\u00a0<\/strong><\/td>\n<\/tr>\n<tr>\n<td width=\"344\"><strong>\u00a0<\/strong><\/p>\n<p><strong>14. Consumeixes iogurts, formatges i llet 1 a 3 vegades al dia?<\/strong><\/td>\n<td width=\"65\"><strong>\u00a0<\/strong><\/td>\n<td width=\"65\"><strong>\u00a0<\/strong><\/td>\n<td width=\"83\"><strong>\u00a0<\/strong><\/td>\n<\/tr>\n<\/tbody>\n<\/table>\n<p><strong>\u00a0<\/strong><\/p>\n<p><strong>\u00a0<\/strong><\/p>\n<p><strong>\u00a0<\/strong><\/p>\n<ul>\n<li><strong>Accedeix al link i llegeix<\/strong> atentament aquest fullet de petits canvis per menjar<\/li>\n<\/ul>\n<p>&nbsp;<\/p>\n<p><a href=\"http:\/\/salutpublica.gencat.cat\/web\/.content\/minisite\/aspcat\/promocio_salut\/alimentacio_saludable\/02Publicacions\/pub_alim_salu_tothom\/Petits-canvis\/materials\/Fullet-Petits-canvis.pdf\"><strong>http:\/\/salutpublica.gencat.cat\/web\/.content\/minisite\/aspcat\/promocio_salut\/alimentacio_saludable\/02Publicacions\/pub_alim_salu_tothom\/Petits-canvis\/materials\/Fullet-Petits-canvis.pdf<\/strong><\/a><\/p>\n<p>&nbsp;<\/p>\n<ul>\n<li>Un cop contestat el q\u00fcestionari observant el teu men\u00fa i llegit aquest text <strong>quines modificacions creus hauries de fer a la teva dieta perqu\u00e8 fos m\u00e9s saludable? <\/strong><\/li>\n<li>Un cop que has llegit aquest text i has omplert el q\u00fcestionari observant el teu men\u00fa,<\/li>\n<\/ul>\n<p><strong>\u00a0<\/strong><\/p>\n<p><strong>RESPON:<\/strong><\/p>\n<p><strong>Quines modificacions creus hauries de fer a la teva dieta perqu\u00e8 fos m\u00e9s saludable?<\/strong><\/p>\n<p><strong>Quins petits canvis podries fer?<\/strong><\/p>\n<p>(Pots contestar en un full, llibreta o document Word).<\/p>\n<p>Link de consulta:<\/p>\n<p><a href=\"https:\/\/canalsalut.gencat.cat\/ca\/vida-saludable\/alimentacio\/piramide_alimentacio_saludable\/\">https:\/\/canalsalut.gencat.cat\/ca\/vida-saludable\/alimentacio\/piramide_alimentacio_saludable\/<\/a><\/p>\n<p><strong>\u00a0<\/strong><\/p>\n<p><strong><u>IMPORTANT: Aquest \u00daLTIM APARTAT D\u2019AQUESTA ACTIVITAT,<\/u><\/strong><strong> (<\/strong><strong>Quines modificacions creus hauries de fer a la teva dieta perqu\u00e8 fos m\u00e9s saludable? Quins petits canvis podries fer?), <\/strong><strong><u>s\u2019ha d\u2019enviar a la TUTORA. <\/u><\/strong><\/p>\n<p><strong>C\u00f3m?\u00a0 Hi ha diferents possibilitats:<\/strong><\/p>\n<ol>\n<li>Fer una foto de la teva resposta amb el m\u00f2bil i enviar-la al correu de la tutora.<\/li>\n<li>Fer un document Word i adjuntar-lo en un missatge i enviar-li a la tutora.<\/li>\n<li>En el bloc de l\u2019escola, al bloc concret de 4t busca l\u2019article que posi <strong>\u201c4t Reflexionem sobre la nostra alimentaci\u00f3\u201d.<\/strong> Envia un comentari escrivint la teva redacci\u00f3.<\/li>\n<\/ol>\n<p>&nbsp;<\/p>\n<p>&nbsp;<\/p>\n<p><strong>\u00a0<\/strong><\/p>\n<p><strong>\u00a0<\/strong><\/p>\n<p><strong>\u00a0<\/strong><\/p>\n<p><strong>\u00a0<\/strong><\/p>\n<p><strong>\u00a0<\/strong><\/p>\n<p><strong>\u00a0<\/strong><\/p>\n","protected":false},"excerpt":{"rendered":"<p>TASQUES DE SETMANA SANTA (de 30m a 1h di\u00e0ria)<br \/>\n\u00a0<\/p>\n<p>DISSABTE 4 D\u2019ABRIL<br \/>\nDIUMENGE<br \/>\n5 D\u2019ABRIL<br \/>\nDILLUNS<br \/>\n6 D\u2019ABRIL<br \/>\nDIMARTS<br \/>\n7 D\u2019ABRIL<br \/>\nDIMECRES 8 D\u2019ABRIL<\/p>\n<p>\u00a0<br \/>\nOperacions<br \/>\ni<br \/>\nGeometria<br \/>\n\u00a0<br \/>\n\u00a0<br \/>\n\u00a0<br \/>\nFESTA<br \/>\n\u00a0<br \/>\nMen\u00fa i Pir\u00e0mide de l\u2019alimentaci\u00f3<br \/>\n\u00a0<br \/>\nComprensi\u00f3 lectora<br \/>\n\u00a0<br \/>\nM\u00fasica<\/p>\n<p>\u00a0<\/p>\n<p>\u00a0<br \/>\nDIJOUS<br \/>\n9 D\u2019ABRIL<br \/>\n\u00a0<br \/>\nDIVENDRES<br \/>\n10 D\u2019ABRIL<br \/>\n\u00a0<br \/>\nDISSABTE<br \/>\n11D\u2019ABRIL<br \/>\n\u00a0<br \/>\nDIUMENGE 12 I<br \/>\nDILLUNS 13 D\u2019ABRIL<br \/>\n\u00a0<br \/>\nDIMART 14 D\u2019ABRIL<\/p>\n<p>\u00a0<br \/>\nProblemes<br \/>\n\u00a0<br \/>\n\u00a0<br \/>\nExpressi\u00f3 escrita<br \/>\n\u00a0<br \/>\nRacons matem\u00e0tics<br \/>\n\u00a0<br \/>\n\u00a0<br \/>\nPl\u00e0stica<br \/>\n(Opcional)<br \/>\n\u00a0<br \/>\nReflexi\u00f3<\/p>\n<p>&nbsp;<\/p>\n<ul>\n<li>DISSABTE 4 D\u2019ABRIL:<\/li>\n<\/ul>\n<p>Resol aquestes operacions<br \/>\nLes operacions escrites en horitzontal en una&hellip;  <a href=\"https:\/\/agora.xtec.cat\/ceip-torre-llauder-mataro\/primaria\/4t\/deures-de-setmana-santa-4t\/\" title=\"Read Tasques de Setmana Santa 4t\">Llegeix m\u00e9s\u00bb<\/a><\/p>\n","protected":false},"author":3,"featured_media":0,"comment_status":"open","ping_status":"closed","sticky":false,"template":"","format":"standard","meta":{"_bbp_topic_count":0,"_bbp_reply_count":0,"_bbp_total_topic_count":0,"_bbp_total_reply_count":0,"_bbp_voice_count":0,"_bbp_anonymous_reply_count":0,"_bbp_topic_count_hidden":0,"_bbp_reply_count_hidden":0,"_bbp_forum_subforum_count":0,"footnotes":""},"categories":[12],"tags":[],"class_list":["post-3167","post","type-post","status-publish","format-standard","hentry","category-4t"],"post_mailing_queue_ids":[],"_links":{"self":[{"href":"https:\/\/agora.xtec.cat\/ceip-torre-llauder-mataro\/wp-json\/wp\/v2\/posts\/3167","targetHints":{"allow":["GET"]}}],"collection":[{"href":"https:\/\/agora.xtec.cat\/ceip-torre-llauder-mataro\/wp-json\/wp\/v2\/posts"}],"about":[{"href":"https:\/\/agora.xtec.cat\/ceip-torre-llauder-mataro\/wp-json\/wp\/v2\/types\/post"}],"author":[{"embeddable":true,"href":"https:\/\/agora.xtec.cat\/ceip-torre-llauder-mataro\/wp-json\/wp\/v2\/users\/3"}],"replies":[{"embeddable":true,"href":"https:\/\/agora.xtec.cat\/ceip-torre-llauder-mataro\/wp-json\/wp\/v2\/comments?post=3167"}],"version-history":[{"count":3,"href":"https:\/\/agora.xtec.cat\/ceip-torre-llauder-mataro\/wp-json\/wp\/v2\/posts\/3167\/revisions"}],"predecessor-version":[{"id":3191,"href":"https:\/\/agora.xtec.cat\/ceip-torre-llauder-mataro\/wp-json\/wp\/v2\/posts\/3167\/revisions\/3191"}],"wp:attachment":[{"href":"https:\/\/agora.xtec.cat\/ceip-torre-llauder-mataro\/wp-json\/wp\/v2\/media?parent=3167"}],"wp:term":[{"taxonomy":"category","embeddable":true,"href":"https:\/\/agora.xtec.cat\/ceip-torre-llauder-mataro\/wp-json\/wp\/v2\/categories?post=3167"},{"taxonomy":"post_tag","embeddable":true,"href":"https:\/\/agora.xtec.cat\/ceip-torre-llauder-mataro\/wp-json\/wp\/v2\/tags?post=3167"}],"curies":[{"name":"wp","href":"https:\/\/api.w.org\/{rel}","templated":true}]}}