{"id":3135,"date":"2020-03-30T14:17:53","date_gmt":"2020-03-30T12:17:53","guid":{"rendered":"http:\/\/agora.xtec.cat\/ceip-torre-llauder-mataro\/?p=3135"},"modified":"2020-03-30T14:19:16","modified_gmt":"2020-03-30T12:19:16","slug":"experimentacio-p5-2n-trimestre","status":"publish","type":"post","link":"https:\/\/agora.xtec.cat\/ceip-torre-llauder-mataro\/infantil\/i5\/experimentacio-p5-2n-trimestre\/","title":{"rendered":"EXPERIMENTACI\u00d3 P5 (2n Trimestre)"},"content":{"rendered":"<p style=\"text-align: left;\">Hola, fam\u00edlies!! Ja que aquests dies no ens podem veure f\u00edsicament us deixo un recull de fotos de varies sessions d&#8217;experimentaci\u00f3 del segon trimestre, per sentir-nos m\u00e9s a prop. Hi ha activitats amb rampes, fent pluja i n\u00favols amb escuma d&#8217;afeitar, les pr\u00e0ctiques sobre com actuar davant d&#8217;una emerg\u00e8ncia (trucant al 112), podeu veure la progressi\u00f3 de l&#8217;hort i tamb\u00e9 com experimentem amb tinta invisible. Mireu aqu\u00ed les <a href=\"https:\/\/photos.app.goo.gl\/BjNNLmfohwwwcjTn8\">fotos<\/a>! Esperem que us agradin!!<\/p>\n","protected":false},"excerpt":{"rendered":"<p>Hola, fam\u00edlies!! Ja que aquests dies no ens podem veure f\u00edsicament us deixo un recull de fotos de varies sessions d&#8217;experimentaci\u00f3 del segon trimestre, per sentir-nos m\u00e9s a prop. Hi ha activitats amb rampes, fent pluja i n\u00favols amb escuma d&#8217;afeitar, les pr\u00e0ctiques sobre com&hellip;  <a href=\"https:\/\/agora.xtec.cat\/ceip-torre-llauder-mataro\/infantil\/i5\/experimentacio-p5-2n-trimestre\/\" title=\"Read EXPERIMENTACI\u00d3 P5 (2n Trimestre)\">Llegeix m\u00e9s\u00bb<\/a><\/p>\n","protected":false},"author":21,"featured_media":0,"comment_status":"open","ping_status":"closed","sticky":false,"template":"","format":"standard","meta":{"_bbp_topic_count":0,"_bbp_reply_count":0,"_bbp_total_topic_count":0,"_bbp_total_reply_count":0,"_bbp_voice_count":0,"_bbp_anonymous_reply_count":0,"_bbp_topic_count_hidden":0,"_bbp_reply_count_hidden":0,"_bbp_forum_subforum_count":0,"footnotes":""},"categories":[8],"tags":[],"class_list":["post-3135","post","type-post","status-publish","format-standard","hentry","category-i5"],"post_mailing_queue_ids":[],"_links":{"self":[{"href":"https:\/\/agora.xtec.cat\/ceip-torre-llauder-mataro\/wp-json\/wp\/v2\/posts\/3135","targetHints":{"allow":["GET"]}}],"collection":[{"href":"https:\/\/agora.xtec.cat\/ceip-torre-llauder-mataro\/wp-json\/wp\/v2\/posts"}],"about":[{"href":"https:\/\/agora.xtec.cat\/ceip-torre-llauder-mataro\/wp-json\/wp\/v2\/types\/post"}],"author":[{"embeddable":true,"href":"https:\/\/agora.xtec.cat\/ceip-torre-llauder-mataro\/wp-json\/wp\/v2\/users\/21"}],"replies":[{"embeddable":true,"href":"https:\/\/agora.xtec.cat\/ceip-torre-llauder-mataro\/wp-json\/wp\/v2\/comments?post=3135"}],"version-history":[{"count":2,"href":"https:\/\/agora.xtec.cat\/ceip-torre-llauder-mataro\/wp-json\/wp\/v2\/posts\/3135\/revisions"}],"predecessor-version":[{"id":3137,"href":"https:\/\/agora.xtec.cat\/ceip-torre-llauder-mataro\/wp-json\/wp\/v2\/posts\/3135\/revisions\/3137"}],"wp:attachment":[{"href":"https:\/\/agora.xtec.cat\/ceip-torre-llauder-mataro\/wp-json\/wp\/v2\/media?parent=3135"}],"wp:term":[{"taxonomy":"category","embeddable":true,"href":"https:\/\/agora.xtec.cat\/ceip-torre-llauder-mataro\/wp-json\/wp\/v2\/categories?post=3135"},{"taxonomy":"post_tag","embeddable":true,"href":"https:\/\/agora.xtec.cat\/ceip-torre-llauder-mataro\/wp-json\/wp\/v2\/tags?post=3135"}],"curies":[{"name":"wp","href":"https:\/\/api.w.org\/{rel}","templated":true}]}}