{"id":3040,"date":"2020-03-16T09:22:57","date_gmt":"2020-03-16T08:22:57","guid":{"rendered":"http:\/\/agora.xtec.cat\/ceip-torre-llauder-mataro\/?p=3040"},"modified":"2020-03-16T09:22:57","modified_gmt":"2020-03-16T08:22:57","slug":"fem-dansa-videos-mestres","status":"publish","type":"post","link":"https:\/\/agora.xtec.cat\/ceip-torre-llauder-mataro\/primaria\/3r\/fem-dansa-videos-mestres\/","title":{"rendered":"FEM DANSA &#8211; (V\u00eddeos mestres)"},"content":{"rendered":"<p>Aquests s\u00f3n els v\u00eddeos que vam fer servir per presentar les danses del &#8220;Fem Dansa&#8221;. Ara els podeu fer servir per repassar totes les danses que ja hem comen\u00e7at i veure com continuen les que encara no hem acabat. Cal que us fixeu molt b\u00e9 en l&#8217;estructura, aix\u00f2 vol dir fixar-se en quin pas ve despr\u00e8s d&#8217;un altre i intentar memoritzar-los. \u00c0nims!<\/p>\n<p>BALL DE NANS:<br \/>\n<iframe loading=\"lazy\" src=\"https:\/\/player.vimeo.com\/video\/379061048\" width=\"640\" height=\"360\" frameborder=\"0\" allow=\"autoplay; fullscreen\" allowfullscreen><\/iframe><\/p>\n<p><a href=\"https:\/\/vimeo.com\/379061048\">2. BALL DE NANS DE MATARO\u0301, curs 2019-2020<\/a> from <a href=\"https:\/\/vimeo.com\/userfemdansa\">Fem Dansa<\/a> on <a href=\"https:\/\/vimeo.com\">Vimeo<\/a>.<\/p>\n<p>BANNANNA BOAT<br \/>\n<iframe loading=\"lazy\" src=\"https:\/\/player.vimeo.com\/video\/384162150\" width=\"640\" height=\"360\" frameborder=\"0\" allow=\"autoplay; fullscreen\" allowfullscreen><\/iframe><\/p>\n<p><a href=\"https:\/\/vimeo.com\/384162150\">3. BANNANNA BOAT Harry Belafonte<\/a> from <a href=\"https:\/\/vimeo.com\/userfemdansa\">Fem Dansa<\/a> on <a href=\"https:\/\/vimeo.com\">Vimeo<\/a>.<\/p>\n<p>EL GENERAL BUM BUM<br \/>\n<iframe loading=\"lazy\" src=\"https:\/\/player.vimeo.com\/video\/384162469\" width=\"640\" height=\"360\" frameborder=\"0\" allow=\"autoplay; fullscreen\" allowfullscreen><\/iframe><\/p>\n<p><a href=\"https:\/\/vimeo.com\/384162469\">4.  EL GENERAL BUM BUM Ca\u0300ntut<\/a> from <a href=\"https:\/\/vimeo.com\/userfemdansa\">Fem Dansa<\/a> on <a href=\"https:\/\/vimeo.com\">Vimeo<\/a>.<\/p>\n<p>MAMBO<br \/>\n<iframe loading=\"lazy\" src=\"https:\/\/player.vimeo.com\/video\/384162597\" width=\"640\" height=\"360\" frameborder=\"0\" allow=\"autoplay; fullscreen\" allowfullscreen><\/iframe><\/p>\n<p><a href=\"https:\/\/vimeo.com\/384162597\">5. GOPHER MAMBO!  Yma Sumac<\/a> from <a href=\"https:\/\/vimeo.com\/userfemdansa\">Fem Dansa<\/a> on <a href=\"https:\/\/vimeo.com\">Vimeo<\/a>.<\/p>\n","protected":false},"excerpt":{"rendered":"<p>Aquests s\u00f3n els v\u00eddeos que vam fer servir per presentar les danses del &#8220;Fem Dansa&#8221;. Ara els podeu fer servir per repassar totes les danses que ja hem comen\u00e7at i veure com continuen les que encara no hem acabat. Cal que us fixeu molt b\u00e9&hellip;  <a href=\"https:\/\/agora.xtec.cat\/ceip-torre-llauder-mataro\/primaria\/3r\/fem-dansa-videos-mestres\/\" title=\"Read FEM DANSA &#8211; (V\u00eddeos mestres)\">Llegeix m\u00e9s\u00bb<\/a><\/p>\n","protected":false},"author":6,"featured_media":3044,"comment_status":"open","ping_status":"closed","sticky":false,"template":"","format":"standard","meta":{"_bbp_topic_count":0,"_bbp_reply_count":0,"_bbp_total_topic_count":0,"_bbp_total_reply_count":0,"_bbp_voice_count":0,"_bbp_anonymous_reply_count":0,"_bbp_topic_count_hidden":0,"_bbp_reply_count_hidden":0,"_bbp_forum_subforum_count":0,"footnotes":""},"categories":[11],"tags":[123,140],"class_list":["post-3040","post","type-post","status-publish","format-standard","has-post-thumbnail","hentry","category-3r","tag-3r","tag-fem-dansa"],"post_mailing_queue_ids":[],"_links":{"self":[{"href":"https:\/\/agora.xtec.cat\/ceip-torre-llauder-mataro\/wp-json\/wp\/v2\/posts\/3040","targetHints":{"allow":["GET"]}}],"collection":[{"href":"https:\/\/agora.xtec.cat\/ceip-torre-llauder-mataro\/wp-json\/wp\/v2\/posts"}],"about":[{"href":"https:\/\/agora.xtec.cat\/ceip-torre-llauder-mataro\/wp-json\/wp\/v2\/types\/post"}],"author":[{"embeddable":true,"href":"https:\/\/agora.xtec.cat\/ceip-torre-llauder-mataro\/wp-json\/wp\/v2\/users\/6"}],"replies":[{"embeddable":true,"href":"https:\/\/agora.xtec.cat\/ceip-torre-llauder-mataro\/wp-json\/wp\/v2\/comments?post=3040"}],"version-history":[{"count":2,"href":"https:\/\/agora.xtec.cat\/ceip-torre-llauder-mataro\/wp-json\/wp\/v2\/posts\/3040\/revisions"}],"predecessor-version":[{"id":3043,"href":"https:\/\/agora.xtec.cat\/ceip-torre-llauder-mataro\/wp-json\/wp\/v2\/posts\/3040\/revisions\/3043"}],"wp:featuredmedia":[{"embeddable":true,"href":"https:\/\/agora.xtec.cat\/ceip-torre-llauder-mataro\/wp-json\/wp\/v2\/media\/3044"}],"wp:attachment":[{"href":"https:\/\/agora.xtec.cat\/ceip-torre-llauder-mataro\/wp-json\/wp\/v2\/media?parent=3040"}],"wp:term":[{"taxonomy":"category","embeddable":true,"href":"https:\/\/agora.xtec.cat\/ceip-torre-llauder-mataro\/wp-json\/wp\/v2\/categories?post=3040"},{"taxonomy":"post_tag","embeddable":true,"href":"https:\/\/agora.xtec.cat\/ceip-torre-llauder-mataro\/wp-json\/wp\/v2\/tags?post=3040"}],"curies":[{"name":"wp","href":"https:\/\/api.w.org\/{rel}","templated":true}]}}