{"id":3036,"date":"2020-03-15T10:46:16","date_gmt":"2020-03-15T09:46:16","guid":{"rendered":"http:\/\/agora.xtec.cat\/ceip-torre-llauder-mataro\/?p=3036"},"modified":"2020-03-15T10:46:16","modified_gmt":"2020-03-15T09:46:16","slug":"p5-anem-de-visita-al-passi","status":"publish","type":"post","link":"https:\/\/agora.xtec.cat\/ceip-torre-llauder-mataro\/infantil\/p5-anem-de-visita-al-passi\/","title":{"rendered":"P5 ANEM DE VISITA AL PASSI"},"content":{"rendered":"<p>La visita al centre de Jardineria Passi ha estat un \u00e8xit!! Hem vist moltes plantetes de les quals ens han explicat coses i tamb\u00e9 alguns animals de companyia, com peixos, h\u00e0msters i xinxilles. Hem pogut plantar un enciam que haurem de cuidar a casa. I tot aix\u00f2, sense oblidar l&#8217;experi\u00e8ncia de viatjar en el bus municipal!!! Mireu <a href=\"https:\/\/photos.app.goo.gl\/gVA1PGz2QowyZ2s4A\">aqu\u00ed<\/a> les fotos!<\/p>\n","protected":false},"excerpt":{"rendered":"<p>La visita al centre de Jardineria Passi ha estat un \u00e8xit!! Hem vist moltes plantetes de les quals ens han explicat coses i tamb\u00e9 alguns animals de companyia, com peixos, h\u00e0msters i xinxilles. Hem pogut plantar un enciam que haurem de cuidar a casa. I&hellip;  <a href=\"https:\/\/agora.xtec.cat\/ceip-torre-llauder-mataro\/infantil\/p5-anem-de-visita-al-passi\/\" title=\"Read P5 ANEM DE VISITA AL PASSI\">Llegeix m\u00e9s\u00bb<\/a><\/p>\n","protected":false},"author":21,"featured_media":0,"comment_status":"open","ping_status":"closed","sticky":false,"template":"","format":"standard","meta":{"_bbp_topic_count":0,"_bbp_reply_count":0,"_bbp_total_topic_count":0,"_bbp_total_reply_count":0,"_bbp_voice_count":0,"_bbp_anonymous_reply_count":0,"_bbp_topic_count_hidden":0,"_bbp_reply_count_hidden":0,"_bbp_forum_subforum_count":0,"footnotes":""},"categories":[8,2],"tags":[],"class_list":["post-3036","post","type-post","status-publish","format-standard","hentry","category-i5","category-infantil"],"post_mailing_queue_ids":[],"_links":{"self":[{"href":"https:\/\/agora.xtec.cat\/ceip-torre-llauder-mataro\/wp-json\/wp\/v2\/posts\/3036","targetHints":{"allow":["GET"]}}],"collection":[{"href":"https:\/\/agora.xtec.cat\/ceip-torre-llauder-mataro\/wp-json\/wp\/v2\/posts"}],"about":[{"href":"https:\/\/agora.xtec.cat\/ceip-torre-llauder-mataro\/wp-json\/wp\/v2\/types\/post"}],"author":[{"embeddable":true,"href":"https:\/\/agora.xtec.cat\/ceip-torre-llauder-mataro\/wp-json\/wp\/v2\/users\/21"}],"replies":[{"embeddable":true,"href":"https:\/\/agora.xtec.cat\/ceip-torre-llauder-mataro\/wp-json\/wp\/v2\/comments?post=3036"}],"version-history":[{"count":1,"href":"https:\/\/agora.xtec.cat\/ceip-torre-llauder-mataro\/wp-json\/wp\/v2\/posts\/3036\/revisions"}],"predecessor-version":[{"id":3037,"href":"https:\/\/agora.xtec.cat\/ceip-torre-llauder-mataro\/wp-json\/wp\/v2\/posts\/3036\/revisions\/3037"}],"wp:attachment":[{"href":"https:\/\/agora.xtec.cat\/ceip-torre-llauder-mataro\/wp-json\/wp\/v2\/media?parent=3036"}],"wp:term":[{"taxonomy":"category","embeddable":true,"href":"https:\/\/agora.xtec.cat\/ceip-torre-llauder-mataro\/wp-json\/wp\/v2\/categories?post=3036"},{"taxonomy":"post_tag","embeddable":true,"href":"https:\/\/agora.xtec.cat\/ceip-torre-llauder-mataro\/wp-json\/wp\/v2\/tags?post=3036"}],"curies":[{"name":"wp","href":"https:\/\/api.w.org\/{rel}","templated":true}]}}