{"id":3015,"date":"2020-02-28T17:36:09","date_gmt":"2020-02-28T16:36:09","guid":{"rendered":"http:\/\/agora.xtec.cat\/ceip-torre-llauder-mataro\/?p=3015"},"modified":"2020-03-12T12:17:43","modified_gmt":"2020-03-12T11:17:43","slug":"fundacio-mona","status":"publish","type":"post","link":"https:\/\/agora.xtec.cat\/ceip-torre-llauder-mataro\/general\/fundacio-mona\/","title":{"rendered":"Fundaci\u00f3 Mona"},"content":{"rendered":"<p>Avui els nens i nenes de primer i segon hem anat d\u2019excursi\u00f3 a la Fundaci\u00f3 Mona. La Fundaci\u00f3 Mona \u00e9s un centre de rescat de ximpanz\u00e9s i macacos.<\/p>\n<p>Les monitores ens han explicat els problemes actuals a les selves i les normes perqu\u00e8 els macacos i els ximpanz\u00e9s no s&#8217;adonessin que els est\u00e0vem observant.<\/p>\n<p>Per acabar hem fet un taller per fer un termiter.<\/p>\n<p>Ha estat una sortida divertida, \u201cxula\u201d i interessant en la que hem apr\u00e8s moltes coses noves.<\/p>\n<p>Cliqueu la imatge per veure les fotografies de la sortida.<\/p>\n<p><a href=\"https:\/\/photos.app.goo.gl\/hX6HLAwyCPwTcf6t8\" target=\"_blank\" rel=\"noopener noreferrer\"><img loading=\"lazy\" decoding=\"async\" class=\"aligncenter wp-image-3017\" src=\"https:\/\/agora.xtec.cat\/ceip-torre-llauder-mataro\/wp-content\/uploads\/usu1425\/2020\/03\/Dise\u00f1o-sin-t\u00edtulo-2020-01-10T120427.474.png\" alt=\"\" width=\"376\" height=\"212\" srcset=\"https:\/\/agora.xtec.cat\/ceip-torre-llauder-mataro\/wp-content\/uploads\/usu1425\/2020\/03\/Dise\u00f1o-sin-t\u00edtulo-2020-01-10T120427.474.png 560w, https:\/\/agora.xtec.cat\/ceip-torre-llauder-mataro\/wp-content\/uploads\/usu1425\/2020\/03\/Dise\u00f1o-sin-t\u00edtulo-2020-01-10T120427.474-300x169.png 300w\" sizes=\"auto, (max-width: 376px) 100vw, 376px\" \/><\/a><\/p>\n","protected":false},"excerpt":{"rendered":"<p>Avui els nens i nenes de primer i segon hem anat d\u2019excursi\u00f3 a la Fundaci\u00f3 Mona. La Fundaci\u00f3 Mona \u00e9s un centre de rescat de ximpanz\u00e9s i macacos.<br \/>\nLes monitores ens han explicat els problemes actuals a les selves i les normes perqu\u00e8 els macacos i&hellip;  <a href=\"https:\/\/agora.xtec.cat\/ceip-torre-llauder-mataro\/general\/fundacio-mona\/\" title=\"Read Fundaci\u00f3 Mona\">Llegeix m\u00e9s\u00bb<\/a><\/p>\n","protected":false},"author":16,"featured_media":0,"comment_status":"open","ping_status":"closed","sticky":false,"template":"","format":"standard","meta":{"_bbp_topic_count":0,"_bbp_reply_count":0,"_bbp_total_topic_count":0,"_bbp_total_reply_count":0,"_bbp_voice_count":0,"_bbp_anonymous_reply_count":0,"_bbp_topic_count_hidden":0,"_bbp_reply_count_hidden":0,"_bbp_forum_subforum_count":0,"footnotes":""},"categories":[9,10,1,4],"tags":[],"class_list":["post-3015","post","type-post","status-publish","format-standard","hentry","category-1r","category-2n","category-general","category-portada"],"post_mailing_queue_ids":[],"_links":{"self":[{"href":"https:\/\/agora.xtec.cat\/ceip-torre-llauder-mataro\/wp-json\/wp\/v2\/posts\/3015","targetHints":{"allow":["GET"]}}],"collection":[{"href":"https:\/\/agora.xtec.cat\/ceip-torre-llauder-mataro\/wp-json\/wp\/v2\/posts"}],"about":[{"href":"https:\/\/agora.xtec.cat\/ceip-torre-llauder-mataro\/wp-json\/wp\/v2\/types\/post"}],"author":[{"embeddable":true,"href":"https:\/\/agora.xtec.cat\/ceip-torre-llauder-mataro\/wp-json\/wp\/v2\/users\/16"}],"replies":[{"embeddable":true,"href":"https:\/\/agora.xtec.cat\/ceip-torre-llauder-mataro\/wp-json\/wp\/v2\/comments?post=3015"}],"version-history":[{"count":4,"href":"https:\/\/agora.xtec.cat\/ceip-torre-llauder-mataro\/wp-json\/wp\/v2\/posts\/3015\/revisions"}],"predecessor-version":[{"id":3021,"href":"https:\/\/agora.xtec.cat\/ceip-torre-llauder-mataro\/wp-json\/wp\/v2\/posts\/3015\/revisions\/3021"}],"wp:attachment":[{"href":"https:\/\/agora.xtec.cat\/ceip-torre-llauder-mataro\/wp-json\/wp\/v2\/media?parent=3015"}],"wp:term":[{"taxonomy":"category","embeddable":true,"href":"https:\/\/agora.xtec.cat\/ceip-torre-llauder-mataro\/wp-json\/wp\/v2\/categories?post=3015"},{"taxonomy":"post_tag","embeddable":true,"href":"https:\/\/agora.xtec.cat\/ceip-torre-llauder-mataro\/wp-json\/wp\/v2\/tags?post=3015"}],"curies":[{"name":"wp","href":"https:\/\/api.w.org\/{rel}","templated":true}]}}