{"id":2952,"date":"2020-02-20T11:52:40","date_gmt":"2020-02-20T10:52:40","guid":{"rendered":"http:\/\/agora.xtec.cat\/ceip-torre-llauder-mataro\/?p=2952"},"modified":"2020-02-20T11:52:40","modified_gmt":"2020-02-20T10:52:40","slug":"carnestoltes-a-2n","status":"publish","type":"post","link":"https:\/\/agora.xtec.cat\/ceip-torre-llauder-mataro\/general\/carnestoltes-a-2n\/","title":{"rendered":"Carnestoltes a 2n"},"content":{"rendered":"<p>Ahir va arribar el rei carnestoltes a l\u2019escola. I cada dia ens diu que hem de venir amb algun complement o disfressa. El primer dia hem portat una pe\u00e7a de roba del papa o la mama.<\/p>\n<p>Aqu\u00ed teniu algunes fotografies per veure que tamb\u00e9 hem treballat i ens ho hem passat molt b\u00e9!<\/p>\n<p><a href=\"https:\/\/photos.app.goo.gl\/oeVVq5iCfnkwdGdH9\">https:\/\/photos.app.goo.gl\/oeVVq5iCfnkwdGdH9<\/a><\/p>\n","protected":false},"excerpt":{"rendered":"<p>Ahir va arribar el rei carnestoltes a l\u2019escola. I cada dia ens diu que hem de venir amb algun complement o disfressa. El primer dia hem portat una pe\u00e7a de roba del papa o la mama.<br \/>\nAqu\u00ed teniu algunes fotografies per veure que tamb\u00e9 hem treballat&hellip;  <a href=\"https:\/\/agora.xtec.cat\/ceip-torre-llauder-mataro\/general\/carnestoltes-a-2n\/\" title=\"Read Carnestoltes a 2n\">Llegeix m\u00e9s\u00bb<\/a><\/p>\n","protected":false},"author":16,"featured_media":0,"comment_status":"open","ping_status":"closed","sticky":false,"template":"","format":"standard","meta":{"_bbp_topic_count":0,"_bbp_reply_count":0,"_bbp_total_topic_count":0,"_bbp_total_reply_count":0,"_bbp_voice_count":0,"_bbp_anonymous_reply_count":0,"_bbp_topic_count_hidden":0,"_bbp_reply_count_hidden":0,"_bbp_forum_subforum_count":0,"footnotes":""},"categories":[10,1],"tags":[],"class_list":["post-2952","post","type-post","status-publish","format-standard","hentry","category-2n","category-general"],"post_mailing_queue_ids":[],"_links":{"self":[{"href":"https:\/\/agora.xtec.cat\/ceip-torre-llauder-mataro\/wp-json\/wp\/v2\/posts\/2952","targetHints":{"allow":["GET"]}}],"collection":[{"href":"https:\/\/agora.xtec.cat\/ceip-torre-llauder-mataro\/wp-json\/wp\/v2\/posts"}],"about":[{"href":"https:\/\/agora.xtec.cat\/ceip-torre-llauder-mataro\/wp-json\/wp\/v2\/types\/post"}],"author":[{"embeddable":true,"href":"https:\/\/agora.xtec.cat\/ceip-torre-llauder-mataro\/wp-json\/wp\/v2\/users\/16"}],"replies":[{"embeddable":true,"href":"https:\/\/agora.xtec.cat\/ceip-torre-llauder-mataro\/wp-json\/wp\/v2\/comments?post=2952"}],"version-history":[{"count":1,"href":"https:\/\/agora.xtec.cat\/ceip-torre-llauder-mataro\/wp-json\/wp\/v2\/posts\/2952\/revisions"}],"predecessor-version":[{"id":2953,"href":"https:\/\/agora.xtec.cat\/ceip-torre-llauder-mataro\/wp-json\/wp\/v2\/posts\/2952\/revisions\/2953"}],"wp:attachment":[{"href":"https:\/\/agora.xtec.cat\/ceip-torre-llauder-mataro\/wp-json\/wp\/v2\/media?parent=2952"}],"wp:term":[{"taxonomy":"category","embeddable":true,"href":"https:\/\/agora.xtec.cat\/ceip-torre-llauder-mataro\/wp-json\/wp\/v2\/categories?post=2952"},{"taxonomy":"post_tag","embeddable":true,"href":"https:\/\/agora.xtec.cat\/ceip-torre-llauder-mataro\/wp-json\/wp\/v2\/tags?post=2952"}],"curies":[{"name":"wp","href":"https:\/\/api.w.org\/{rel}","templated":true}]}}