{"id":2937,"date":"2020-02-14T08:32:57","date_gmt":"2020-02-14T07:32:57","guid":{"rendered":"http:\/\/agora.xtec.cat\/ceip-torre-llauder-mataro\/?p=2937"},"modified":"2020-02-14T08:35:10","modified_gmt":"2020-02-14T07:35:10","slug":"plataforma-bmath-2n","status":"publish","type":"post","link":"https:\/\/agora.xtec.cat\/ceip-torre-llauder-mataro\/general\/plataforma-bmath-2n\/","title":{"rendered":"Plataforma Bmath 2n"},"content":{"rendered":"<p>Aquest any els alumnes de cicle inicial hem comen\u00e7at a treballar les matem\u00e0tiques amb el projecte Innovamat. Aquest segon trimestre hem introdu\u00eft les tablets i estem molt contents.<\/p>\n<p>Podeu veure algunes fotografies en aquest enlla\u00e7.<\/p>\n<p><a href=\"https:\/\/photos.app.goo.gl\/CtxCV5LmBmq2xDfL6\">https:\/\/photos.app.goo.gl\/CtxCV5LmBmq2xDfL6<\/a><\/p>\n","protected":false},"excerpt":{"rendered":"<p>Aquest any els alumnes de cicle inicial hem comen\u00e7at a treballar les matem\u00e0tiques amb el projecte Innovamat. Aquest segon trimestre hem introdu\u00eft les tablets i estem molt contents.<br \/>\nPodeu veure algunes fotografies en aquest enlla\u00e7.<br \/>\n<a href=\"https:\/\/photos.app.goo.gl\/CtxCV5LmBmq2xDfL6\">https:\/\/photos.app.goo.gl\/CtxCV5LmBmq2xDfL6<\/a><\/p>\n","protected":false},"author":16,"featured_media":0,"comment_status":"open","ping_status":"closed","sticky":false,"template":"","format":"standard","meta":{"_bbp_topic_count":0,"_bbp_reply_count":0,"_bbp_total_topic_count":0,"_bbp_total_reply_count":0,"_bbp_voice_count":0,"_bbp_anonymous_reply_count":0,"_bbp_topic_count_hidden":0,"_bbp_reply_count_hidden":0,"_bbp_forum_subforum_count":0,"footnotes":""},"categories":[10,1],"tags":[],"class_list":["post-2937","post","type-post","status-publish","format-standard","hentry","category-2n","category-general"],"post_mailing_queue_ids":[],"_links":{"self":[{"href":"https:\/\/agora.xtec.cat\/ceip-torre-llauder-mataro\/wp-json\/wp\/v2\/posts\/2937","targetHints":{"allow":["GET"]}}],"collection":[{"href":"https:\/\/agora.xtec.cat\/ceip-torre-llauder-mataro\/wp-json\/wp\/v2\/posts"}],"about":[{"href":"https:\/\/agora.xtec.cat\/ceip-torre-llauder-mataro\/wp-json\/wp\/v2\/types\/post"}],"author":[{"embeddable":true,"href":"https:\/\/agora.xtec.cat\/ceip-torre-llauder-mataro\/wp-json\/wp\/v2\/users\/16"}],"replies":[{"embeddable":true,"href":"https:\/\/agora.xtec.cat\/ceip-torre-llauder-mataro\/wp-json\/wp\/v2\/comments?post=2937"}],"version-history":[{"count":2,"href":"https:\/\/agora.xtec.cat\/ceip-torre-llauder-mataro\/wp-json\/wp\/v2\/posts\/2937\/revisions"}],"predecessor-version":[{"id":2939,"href":"https:\/\/agora.xtec.cat\/ceip-torre-llauder-mataro\/wp-json\/wp\/v2\/posts\/2937\/revisions\/2939"}],"wp:attachment":[{"href":"https:\/\/agora.xtec.cat\/ceip-torre-llauder-mataro\/wp-json\/wp\/v2\/media?parent=2937"}],"wp:term":[{"taxonomy":"category","embeddable":true,"href":"https:\/\/agora.xtec.cat\/ceip-torre-llauder-mataro\/wp-json\/wp\/v2\/categories?post=2937"},{"taxonomy":"post_tag","embeddable":true,"href":"https:\/\/agora.xtec.cat\/ceip-torre-llauder-mataro\/wp-json\/wp\/v2\/tags?post=2937"}],"curies":[{"name":"wp","href":"https:\/\/api.w.org\/{rel}","templated":true}]}}