{"id":2931,"date":"2020-02-13T13:27:39","date_gmt":"2020-02-13T12:27:39","guid":{"rendered":"http:\/\/agora.xtec.cat\/ceip-torre-llauder-mataro\/?p=2931"},"modified":"2020-02-13T15:26:31","modified_gmt":"2020-02-13T14:26:31","slug":"ens-preparem-per-carnaval","status":"publish","type":"post","link":"https:\/\/agora.xtec.cat\/ceip-torre-llauder-mataro\/general\/ens-preparem-per-carnaval\/","title":{"rendered":"Ens preparem per Carnaval!"},"content":{"rendered":"<p>D&#8217;aqu\u00ed poc arribar\u00e0 a la nostra escola en Carnestoltes i, com cada any, els alumnes de sis\u00e8 han preparat un ball per a que tota l&#8217;escola i les fam\u00edlies ballem conjuntament el dia 21 de febrer.<\/p>\n<p>CLIQUEU SOBRE LA IMATGE I PODREU VEURE EL V\u00cdDEO<\/p>\n<p><a href=\"https:\/\/photos.app.goo.gl\/93yJKJNgZrM4XJrr7\" target=\"_blank\" rel=\"noopener noreferrer\"><img loading=\"lazy\" decoding=\"async\" class=\"alignnone wp-image-2932\" src=\"https:\/\/agora.xtec.cat\/ceip-torre-llauder-mataro\/wp-content\/uploads\/usu1425\/2020\/02\/carnestoltes1.jpg\" alt=\"\" width=\"288\" height=\"273\" srcset=\"https:\/\/agora.xtec.cat\/ceip-torre-llauder-mataro\/wp-content\/uploads\/usu1425\/2020\/02\/carnestoltes1.jpg 470w, https:\/\/agora.xtec.cat\/ceip-torre-llauder-mataro\/wp-content\/uploads\/usu1425\/2020\/02\/carnestoltes1-300x285.jpg 300w\" sizes=\"auto, (max-width: 288px) 100vw, 288px\" \/><\/a><\/p>\n","protected":false},"excerpt":{"rendered":"<p>D&#8217;aqu\u00ed poc arribar\u00e0 a la nostra escola en Carnestoltes i, com cada any, els alumnes de sis\u00e8 han preparat un ball per a que tota l&#8217;escola i les fam\u00edlies ballem conjuntament el dia 21 de febrer.<br \/>\nCLIQUEU SOBRE LA IMATGE I PODREU VEURE EL V\u00cdDEO<br \/>\n<a href=\"https:\/\/photos.app.goo.gl\/93yJKJNgZrM4XJrr7\"&hellip;  <a href=\"https:\/\/agora.xtec.cat\/ceip-torre-llauder-mataro\/general\/ens-preparem-per-carnaval\/\" title=\"Read Ens preparem per Carnaval!\">Llegeix m\u00e9s\u00bb<\/a><\/p>\n","protected":false},"author":1,"featured_media":0,"comment_status":"open","ping_status":"closed","sticky":false,"template":"","format":"standard","meta":{"_bbp_topic_count":0,"_bbp_reply_count":0,"_bbp_total_topic_count":0,"_bbp_total_reply_count":0,"_bbp_voice_count":0,"_bbp_anonymous_reply_count":0,"_bbp_topic_count_hidden":0,"_bbp_reply_count_hidden":0,"_bbp_forum_subforum_count":0,"footnotes":""},"categories":[1,4,5],"tags":[117,75,120,119,121,118,122],"class_list":["post-2931","post","type-post","status-publish","format-standard","hentry","category-general","category-portada","category-primaria","tag-ball","tag-carnestoltes","tag-coreo","tag-coreography","tag-country","tag-dance","tag-move-your-body"],"post_mailing_queue_ids":[],"_links":{"self":[{"href":"https:\/\/agora.xtec.cat\/ceip-torre-llauder-mataro\/wp-json\/wp\/v2\/posts\/2931","targetHints":{"allow":["GET"]}}],"collection":[{"href":"https:\/\/agora.xtec.cat\/ceip-torre-llauder-mataro\/wp-json\/wp\/v2\/posts"}],"about":[{"href":"https:\/\/agora.xtec.cat\/ceip-torre-llauder-mataro\/wp-json\/wp\/v2\/types\/post"}],"author":[{"embeddable":true,"href":"https:\/\/agora.xtec.cat\/ceip-torre-llauder-mataro\/wp-json\/wp\/v2\/users\/1"}],"replies":[{"embeddable":true,"href":"https:\/\/agora.xtec.cat\/ceip-torre-llauder-mataro\/wp-json\/wp\/v2\/comments?post=2931"}],"version-history":[{"count":3,"href":"https:\/\/agora.xtec.cat\/ceip-torre-llauder-mataro\/wp-json\/wp\/v2\/posts\/2931\/revisions"}],"predecessor-version":[{"id":2936,"href":"https:\/\/agora.xtec.cat\/ceip-torre-llauder-mataro\/wp-json\/wp\/v2\/posts\/2931\/revisions\/2936"}],"wp:attachment":[{"href":"https:\/\/agora.xtec.cat\/ceip-torre-llauder-mataro\/wp-json\/wp\/v2\/media?parent=2931"}],"wp:term":[{"taxonomy":"category","embeddable":true,"href":"https:\/\/agora.xtec.cat\/ceip-torre-llauder-mataro\/wp-json\/wp\/v2\/categories?post=2931"},{"taxonomy":"post_tag","embeddable":true,"href":"https:\/\/agora.xtec.cat\/ceip-torre-llauder-mataro\/wp-json\/wp\/v2\/tags?post=2931"}],"curies":[{"name":"wp","href":"https:\/\/api.w.org\/{rel}","templated":true}]}}