{"id":2894,"date":"2020-02-11T20:43:14","date_gmt":"2020-02-11T19:43:14","guid":{"rendered":"http:\/\/agora.xtec.cat\/ceip-torre-llauder-mataro\/?p=2894"},"modified":"2020-02-11T20:43:14","modified_gmt":"2020-02-11T19:43:14","slug":"ed-infantil-tallers-de-plastica-2n-trimestre","status":"publish","type":"post","link":"https:\/\/agora.xtec.cat\/ceip-torre-llauder-mataro\/infantil\/ed-infantil-tallers-de-plastica-2n-trimestre\/","title":{"rendered":"ED. INFANTIL: TALLERS DE PL\u00c0STICA 2n trimestre"},"content":{"rendered":"<p style=\"text-align: left;\">Seguim amb els Tallers Internivells de pl\u00e0stica, on grups m\u00e9s petits de nens i nenes de P3, P4 i P5 creen diferents propostes art\u00edstiques. S&#8217;aprofiten les sessions tant per millorar t\u00e8cniques manuals com per potenciar la creativitat de cada infant.<\/p>\n<p>Mireu aqu\u00ed com treballen en els <a href=\"https:\/\/photos.app.goo.gl\/ERwPHyq2qwRoxUxA6\">Tallers de pl\u00e0stica<\/a>!!<\/p>\n","protected":false},"excerpt":{"rendered":"<p>Seguim amb els Tallers Internivells de pl\u00e0stica, on grups m\u00e9s petits de nens i nenes de P3, P4 i P5 creen diferents propostes art\u00edstiques. S&#8217;aprofiten les sessions tant per millorar t\u00e8cniques manuals com per potenciar la creativitat de cada infant.<br \/>\nMireu aqu\u00ed com treballen en els&hellip;  <a href=\"https:\/\/agora.xtec.cat\/ceip-torre-llauder-mataro\/infantil\/ed-infantil-tallers-de-plastica-2n-trimestre\/\" title=\"Read ED. INFANTIL: TALLERS DE PL\u00c0STICA 2n trimestre\">Llegeix m\u00e9s\u00bb<\/a><\/p>\n","protected":false},"author":21,"featured_media":0,"comment_status":"open","ping_status":"closed","sticky":false,"template":"","format":"standard","meta":{"_bbp_topic_count":0,"_bbp_reply_count":0,"_bbp_total_topic_count":0,"_bbp_total_reply_count":0,"_bbp_voice_count":0,"_bbp_anonymous_reply_count":0,"_bbp_topic_count_hidden":0,"_bbp_reply_count_hidden":0,"_bbp_forum_subforum_count":0,"footnotes":""},"categories":[2],"tags":[],"class_list":["post-2894","post","type-post","status-publish","format-standard","hentry","category-infantil"],"post_mailing_queue_ids":[],"_links":{"self":[{"href":"https:\/\/agora.xtec.cat\/ceip-torre-llauder-mataro\/wp-json\/wp\/v2\/posts\/2894","targetHints":{"allow":["GET"]}}],"collection":[{"href":"https:\/\/agora.xtec.cat\/ceip-torre-llauder-mataro\/wp-json\/wp\/v2\/posts"}],"about":[{"href":"https:\/\/agora.xtec.cat\/ceip-torre-llauder-mataro\/wp-json\/wp\/v2\/types\/post"}],"author":[{"embeddable":true,"href":"https:\/\/agora.xtec.cat\/ceip-torre-llauder-mataro\/wp-json\/wp\/v2\/users\/21"}],"replies":[{"embeddable":true,"href":"https:\/\/agora.xtec.cat\/ceip-torre-llauder-mataro\/wp-json\/wp\/v2\/comments?post=2894"}],"version-history":[{"count":1,"href":"https:\/\/agora.xtec.cat\/ceip-torre-llauder-mataro\/wp-json\/wp\/v2\/posts\/2894\/revisions"}],"predecessor-version":[{"id":2895,"href":"https:\/\/agora.xtec.cat\/ceip-torre-llauder-mataro\/wp-json\/wp\/v2\/posts\/2894\/revisions\/2895"}],"wp:attachment":[{"href":"https:\/\/agora.xtec.cat\/ceip-torre-llauder-mataro\/wp-json\/wp\/v2\/media?parent=2894"}],"wp:term":[{"taxonomy":"category","embeddable":true,"href":"https:\/\/agora.xtec.cat\/ceip-torre-llauder-mataro\/wp-json\/wp\/v2\/categories?post=2894"},{"taxonomy":"post_tag","embeddable":true,"href":"https:\/\/agora.xtec.cat\/ceip-torre-llauder-mataro\/wp-json\/wp\/v2\/tags?post=2894"}],"curies":[{"name":"wp","href":"https:\/\/api.w.org\/{rel}","templated":true}]}}