{"id":2862,"date":"2020-01-22T19:53:54","date_gmt":"2020-01-22T18:53:54","guid":{"rendered":"http:\/\/agora.xtec.cat\/ceip-torre-llauder-mataro\/?p=2862"},"modified":"2020-01-22T19:53:54","modified_gmt":"2020-01-22T18:53:54","slug":"hort-educacio-infantil","status":"publish","type":"post","link":"https:\/\/agora.xtec.cat\/ceip-torre-llauder-mataro\/infantil\/i5\/hort-educacio-infantil\/","title":{"rendered":"HORT EDUCACI\u00d3 INFANTIL"},"content":{"rendered":"<p>Estem muntant un hort al pati d&#8217;Educaci\u00f3 Infantil que esperem que ens doni moltes alegries, per\u00f2, \u00e9s clar, per arribar aqu\u00ed el primer que necessita un hort \u00e9s treballar. A la primera sessi\u00f3 hem omplert les rodes amb terra bona i al seg\u00fcent dia hi hem posat el planter. Ara caldr\u00e0 cuidar-los i esperar a veure com progressa. Tamb\u00e9 hem aprofitat per treballar les parts de les plantes i tamb\u00e9 la lectoescriptura (escrivint les paraules &#8220;arrels&#8221; i &#8220;fulles&#8221;<\/p>\n<p><a href=\"https:\/\/photos.app.goo.gl\/pe1UfcwEMFmBpXi17\">HORT PARVULARI<\/a><\/p>\n","protected":false},"excerpt":{"rendered":"<p>Estem muntant un hort al pati d&#8217;Educaci\u00f3 Infantil que esperem que ens doni moltes alegries, per\u00f2, \u00e9s clar, per arribar aqu\u00ed el primer que necessita un hort \u00e9s treballar. A la primera sessi\u00f3 hem omplert les rodes amb terra bona i al seg\u00fcent dia hi&hellip;  <a href=\"https:\/\/agora.xtec.cat\/ceip-torre-llauder-mataro\/infantil\/i5\/hort-educacio-infantil\/\" title=\"Read HORT EDUCACI\u00d3 INFANTIL\">Llegeix m\u00e9s\u00bb<\/a><\/p>\n","protected":false},"author":21,"featured_media":0,"comment_status":"open","ping_status":"closed","sticky":false,"template":"","format":"standard","meta":{"_bbp_topic_count":0,"_bbp_reply_count":0,"_bbp_total_topic_count":0,"_bbp_total_reply_count":0,"_bbp_voice_count":0,"_bbp_anonymous_reply_count":0,"_bbp_topic_count_hidden":0,"_bbp_reply_count_hidden":0,"_bbp_forum_subforum_count":0,"footnotes":""},"categories":[8],"tags":[],"class_list":["post-2862","post","type-post","status-publish","format-standard","hentry","category-i5"],"post_mailing_queue_ids":[],"_links":{"self":[{"href":"https:\/\/agora.xtec.cat\/ceip-torre-llauder-mataro\/wp-json\/wp\/v2\/posts\/2862","targetHints":{"allow":["GET"]}}],"collection":[{"href":"https:\/\/agora.xtec.cat\/ceip-torre-llauder-mataro\/wp-json\/wp\/v2\/posts"}],"about":[{"href":"https:\/\/agora.xtec.cat\/ceip-torre-llauder-mataro\/wp-json\/wp\/v2\/types\/post"}],"author":[{"embeddable":true,"href":"https:\/\/agora.xtec.cat\/ceip-torre-llauder-mataro\/wp-json\/wp\/v2\/users\/21"}],"replies":[{"embeddable":true,"href":"https:\/\/agora.xtec.cat\/ceip-torre-llauder-mataro\/wp-json\/wp\/v2\/comments?post=2862"}],"version-history":[{"count":1,"href":"https:\/\/agora.xtec.cat\/ceip-torre-llauder-mataro\/wp-json\/wp\/v2\/posts\/2862\/revisions"}],"predecessor-version":[{"id":2863,"href":"https:\/\/agora.xtec.cat\/ceip-torre-llauder-mataro\/wp-json\/wp\/v2\/posts\/2862\/revisions\/2863"}],"wp:attachment":[{"href":"https:\/\/agora.xtec.cat\/ceip-torre-llauder-mataro\/wp-json\/wp\/v2\/media?parent=2862"}],"wp:term":[{"taxonomy":"category","embeddable":true,"href":"https:\/\/agora.xtec.cat\/ceip-torre-llauder-mataro\/wp-json\/wp\/v2\/categories?post=2862"},{"taxonomy":"post_tag","embeddable":true,"href":"https:\/\/agora.xtec.cat\/ceip-torre-llauder-mataro\/wp-json\/wp\/v2\/tags?post=2862"}],"curies":[{"name":"wp","href":"https:\/\/api.w.org\/{rel}","templated":true}]}}