{"id":2812,"date":"2020-01-09T13:07:31","date_gmt":"2020-01-09T12:07:31","guid":{"rendered":"http:\/\/agora.xtec.cat\/ceip-torre-llauder-mataro\/?p=2812"},"modified":"2020-01-09T16:35:15","modified_gmt":"2020-01-09T15:35:15","slug":"dans-in-vitro","status":"publish","type":"post","link":"https:\/\/agora.xtec.cat\/ceip-torre-llauder-mataro\/portada\/dans-in-vitro\/","title":{"rendered":"Dans in Vitro"},"content":{"rendered":"<p><span style=\"font-weight: 400;\">Durant novembre i desembre els nens i nenes de 6\u00e8 vam anar a fer un taller, al Centre C\u00edvic de Matar\u00f3, de dansa contempor\u00e0nia.<\/span><\/p>\n<p><span style=\"font-weight: 400;\">La primera sessi\u00f3 va ser divertida: ens vam presentar tots a la mestra, aleshores vam estirar i vam comen\u00e7ar els jocs.<\/span><\/p>\n<p><span style=\"font-weight: 400;\">El primer joc consistia a caminar per l&#8217;espai i moure&#8217;ns pel terra de manera lliure, tamb\u00e9 vam jugar al mirall,etc&#8230;, i vam anar cap a l&#8217;escola.<\/span><\/p>\n<p><span style=\"font-weight: 400;\">La segona sessi\u00f3 va ser encara millor que la primera. Primer de tot (com sempre) vam estirar, despr\u00e9s en grups de 5 vam sortir a ballar a la &#8220;pista&#8221;.<\/span><\/p>\n<p><span style=\"font-weight: 400;\">Les dues sessions ens ho vam passar genial!!!!!<\/span><\/p>\n<p><span style=\"font-weight: 400;\">Ariadna i Aina, 6\u00e8 A<\/span><\/p>\n<p style=\"text-align: center;\"><a href=\"https:\/\/photos.app.goo.gl\/eb9rtz6W6Fvd8iHB7\" target=\"_blank\" rel=\"noopener noreferrer\"><img loading=\"lazy\" decoding=\"async\" class=\"alignnone wp-image-2829\" src=\"https:\/\/agora.xtec.cat\/ceip-torre-llauder-mataro\/wp-content\/uploads\/usu1425\/2020\/01\/IMG-20200109-WA0014-1024x768.jpg\" alt=\"\" width=\"384\" height=\"288\" srcset=\"https:\/\/agora.xtec.cat\/ceip-torre-llauder-mataro\/wp-content\/uploads\/usu1425\/2020\/01\/IMG-20200109-WA0014-1024x768.jpg 1024w, https:\/\/agora.xtec.cat\/ceip-torre-llauder-mataro\/wp-content\/uploads\/usu1425\/2020\/01\/IMG-20200109-WA0014-300x225.jpg 300w, https:\/\/agora.xtec.cat\/ceip-torre-llauder-mataro\/wp-content\/uploads\/usu1425\/2020\/01\/IMG-20200109-WA0014-768x576.jpg 768w, https:\/\/agora.xtec.cat\/ceip-torre-llauder-mataro\/wp-content\/uploads\/usu1425\/2020\/01\/IMG-20200109-WA0014-200x150.jpg 200w, https:\/\/agora.xtec.cat\/ceip-torre-llauder-mataro\/wp-content\/uploads\/usu1425\/2020\/01\/IMG-20200109-WA0014.jpg 1600w\" sizes=\"auto, (max-width: 384px) 100vw, 384px\" \/><\/a><\/p>\n","protected":false},"excerpt":{"rendered":"<p>Durant novembre i desembre els nens i nenes de 6\u00e8 vam anar a fer un taller, al Centre C\u00edvic de Matar\u00f3, de dansa contempor\u00e0nia.<br \/>\nLa primera sessi\u00f3 va ser divertida: ens vam presentar tots a la mestra, aleshores vam estirar i vam comen\u00e7ar els jocs.<br \/>\nEl primer&hellip;  <a href=\"https:\/\/agora.xtec.cat\/ceip-torre-llauder-mataro\/portada\/dans-in-vitro\/\" title=\"Read Dans in Vitro\">Llegeix m\u00e9s\u00bb<\/a><\/p>\n","protected":false},"author":1,"featured_media":0,"comment_status":"open","ping_status":"closed","sticky":false,"template":"","format":"standard","meta":{"_bbp_topic_count":0,"_bbp_reply_count":0,"_bbp_total_topic_count":0,"_bbp_total_reply_count":0,"_bbp_voice_count":0,"_bbp_anonymous_reply_count":0,"_bbp_topic_count_hidden":0,"_bbp_reply_count_hidden":0,"_bbp_forum_subforum_count":0,"footnotes":""},"categories":[14,4,5],"tags":[],"class_list":["post-2812","post","type-post","status-publish","format-standard","hentry","category-6e","category-portada","category-primaria"],"post_mailing_queue_ids":[],"_links":{"self":[{"href":"https:\/\/agora.xtec.cat\/ceip-torre-llauder-mataro\/wp-json\/wp\/v2\/posts\/2812","targetHints":{"allow":["GET"]}}],"collection":[{"href":"https:\/\/agora.xtec.cat\/ceip-torre-llauder-mataro\/wp-json\/wp\/v2\/posts"}],"about":[{"href":"https:\/\/agora.xtec.cat\/ceip-torre-llauder-mataro\/wp-json\/wp\/v2\/types\/post"}],"author":[{"embeddable":true,"href":"https:\/\/agora.xtec.cat\/ceip-torre-llauder-mataro\/wp-json\/wp\/v2\/users\/1"}],"replies":[{"embeddable":true,"href":"https:\/\/agora.xtec.cat\/ceip-torre-llauder-mataro\/wp-json\/wp\/v2\/comments?post=2812"}],"version-history":[{"count":3,"href":"https:\/\/agora.xtec.cat\/ceip-torre-llauder-mataro\/wp-json\/wp\/v2\/posts\/2812\/revisions"}],"predecessor-version":[{"id":2838,"href":"https:\/\/agora.xtec.cat\/ceip-torre-llauder-mataro\/wp-json\/wp\/v2\/posts\/2812\/revisions\/2838"}],"wp:attachment":[{"href":"https:\/\/agora.xtec.cat\/ceip-torre-llauder-mataro\/wp-json\/wp\/v2\/media?parent=2812"}],"wp:term":[{"taxonomy":"category","embeddable":true,"href":"https:\/\/agora.xtec.cat\/ceip-torre-llauder-mataro\/wp-json\/wp\/v2\/categories?post=2812"},{"taxonomy":"post_tag","embeddable":true,"href":"https:\/\/agora.xtec.cat\/ceip-torre-llauder-mataro\/wp-json\/wp\/v2\/tags?post=2812"}],"curies":[{"name":"wp","href":"https:\/\/api.w.org\/{rel}","templated":true}]}}