{"id":2790,"date":"2019-12-08T20:44:35","date_gmt":"2019-12-08T19:44:35","guid":{"rendered":"http:\/\/agora.xtec.cat\/ceip-torre-llauder-mataro\/?p=2790"},"modified":"2019-12-09T09:29:18","modified_gmt":"2019-12-09T08:29:18","slug":"2n-biblioenigme","status":"publish","type":"post","link":"https:\/\/agora.xtec.cat\/ceip-torre-llauder-mataro\/general\/2n-biblioenigme\/","title":{"rendered":"2n BIBLIOENIGME"},"content":{"rendered":"<p>La setmana passada vam resoldre el <strong>2n BIBLIOENIGME<\/strong> de la nostra biblioteca BOLERET, el qual demanava als alumnes \u00a0que fessin mem\u00f2ria sobre els<em><strong> Contes Cl\u00e0ssics<\/strong><\/em> com &#8220;El flautista de Hamelin&#8221; o &#8220;Les 7 cabretes&#8221; o &#8220;La llegenda de St.Jordi&#8221;&#8230;sempre hi ha una o dues preguntes dif\u00edcils que posa a prova la seva ast\u00facia i el guanyador va ser en YASSIR de 6\u00e8 B.<\/p>\n<p>Felicitats!!!!<\/p>\n<p><a href=\"https:\/\/photos.app.goo.gl\/ngihENQJR2v7PqmE7\" target=\"_blank\" rel=\"noopener noreferrer\"><img loading=\"lazy\" decoding=\"async\" class=\"aligncenter wp-image-2793\" src=\"https:\/\/agora.xtec.cat\/ceip-torre-llauder-mataro\/wp-content\/uploads\/usu1425\/2019\/12\/biblioenigma.jpg\" alt=\"\" width=\"251\" height=\"182\" srcset=\"https:\/\/agora.xtec.cat\/ceip-torre-llauder-mataro\/wp-content\/uploads\/usu1425\/2019\/12\/biblioenigma.jpg 719w, https:\/\/agora.xtec.cat\/ceip-torre-llauder-mataro\/wp-content\/uploads\/usu1425\/2019\/12\/biblioenigma-300x218.jpg 300w\" sizes=\"auto, (max-width: 251px) 100vw, 251px\" \/><\/a><\/p>\n<p>&nbsp;<\/p>\n","protected":false},"excerpt":{"rendered":"<p>La setmana passada vam resoldre el 2n BIBLIOENIGME de la nostra biblioteca BOLERET, el qual demanava als alumnes \u00a0que fessin mem\u00f2ria sobre els Contes Cl\u00e0ssics com &#8220;El flautista de Hamelin&#8221; o &#8220;Les 7 cabretes&#8221; o &#8220;La llegenda de St.Jordi&#8221;&#8230;sempre hi ha una o dues preguntes&hellip;  <a href=\"https:\/\/agora.xtec.cat\/ceip-torre-llauder-mataro\/general\/2n-biblioenigme\/\" title=\"Read 2n BIBLIOENIGME\">Llegeix m\u00e9s\u00bb<\/a><\/p>\n","protected":false},"author":24,"featured_media":0,"comment_status":"open","ping_status":"closed","sticky":false,"template":"","format":"standard","meta":{"_bbp_topic_count":0,"_bbp_reply_count":0,"_bbp_total_topic_count":0,"_bbp_total_reply_count":0,"_bbp_voice_count":0,"_bbp_anonymous_reply_count":0,"_bbp_topic_count_hidden":0,"_bbp_reply_count_hidden":0,"_bbp_forum_subforum_count":0,"footnotes":""},"categories":[1,4],"tags":[95],"class_list":["post-2790","post","type-post","status-publish","format-standard","hentry","category-general","category-portada","tag-biblioteca-boleret"],"post_mailing_queue_ids":[],"_links":{"self":[{"href":"https:\/\/agora.xtec.cat\/ceip-torre-llauder-mataro\/wp-json\/wp\/v2\/posts\/2790","targetHints":{"allow":["GET"]}}],"collection":[{"href":"https:\/\/agora.xtec.cat\/ceip-torre-llauder-mataro\/wp-json\/wp\/v2\/posts"}],"about":[{"href":"https:\/\/agora.xtec.cat\/ceip-torre-llauder-mataro\/wp-json\/wp\/v2\/types\/post"}],"author":[{"embeddable":true,"href":"https:\/\/agora.xtec.cat\/ceip-torre-llauder-mataro\/wp-json\/wp\/v2\/users\/24"}],"replies":[{"embeddable":true,"href":"https:\/\/agora.xtec.cat\/ceip-torre-llauder-mataro\/wp-json\/wp\/v2\/comments?post=2790"}],"version-history":[{"count":3,"href":"https:\/\/agora.xtec.cat\/ceip-torre-llauder-mataro\/wp-json\/wp\/v2\/posts\/2790\/revisions"}],"predecessor-version":[{"id":2795,"href":"https:\/\/agora.xtec.cat\/ceip-torre-llauder-mataro\/wp-json\/wp\/v2\/posts\/2790\/revisions\/2795"}],"wp:attachment":[{"href":"https:\/\/agora.xtec.cat\/ceip-torre-llauder-mataro\/wp-json\/wp\/v2\/media?parent=2790"}],"wp:term":[{"taxonomy":"category","embeddable":true,"href":"https:\/\/agora.xtec.cat\/ceip-torre-llauder-mataro\/wp-json\/wp\/v2\/categories?post=2790"},{"taxonomy":"post_tag","embeddable":true,"href":"https:\/\/agora.xtec.cat\/ceip-torre-llauder-mataro\/wp-json\/wp\/v2\/tags?post=2790"}],"curies":[{"name":"wp","href":"https:\/\/api.w.org\/{rel}","templated":true}]}}