{"id":2699,"date":"2019-11-25T17:22:32","date_gmt":"2019-11-25T16:22:32","guid":{"rendered":"http:\/\/agora.xtec.cat\/ceip-torre-llauder-mataro\/?p=2699"},"modified":"2019-11-25T17:23:39","modified_gmt":"2019-11-25T16:23:39","slug":"dolc-o-salat","status":"publish","type":"post","link":"https:\/\/agora.xtec.cat\/ceip-torre-llauder-mataro\/infantil\/dolc-o-salat\/","title":{"rendered":"Dol\u00e7 o salat"},"content":{"rendered":"<p style=\"text-align: left;\">La setmana passada vam fer una activitat on haviem de discriminar entre dol\u00e7 i salat. A simple vista sembla molt f\u00e0cil per\u00f2 crea molta confusi\u00f3. Normalment les coses que els agraden s\u00f3n dolces i les que no els agraden s\u00f3n salades&#8230;.per\u00f2 ja sabem que no \u00e9s aix\u00ed!!!<\/p>\n<p><a href=\"https:\/\/photos.app.goo.gl\/PjnJB9skvwjJWKgY7\">Fotos dol\u00e7 salat<\/a><\/p>\n<p>&nbsp;<\/p>\n<p>&nbsp;<\/p>\n","protected":false},"excerpt":{"rendered":"<p>La setmana passada vam fer una activitat on haviem de discriminar entre dol\u00e7 i salat. A simple vista sembla molt f\u00e0cil per\u00f2 crea molta confusi\u00f3. Normalment les coses que els agraden s\u00f3n dolces i les que no els agraden s\u00f3n salades&#8230;.per\u00f2 ja sabem que no&hellip;  <a href=\"https:\/\/agora.xtec.cat\/ceip-torre-llauder-mataro\/infantil\/dolc-o-salat\/\" title=\"Read Dol\u00e7 o salat\">Llegeix m\u00e9s\u00bb<\/a><\/p>\n","protected":false},"author":10,"featured_media":0,"comment_status":"open","ping_status":"closed","sticky":false,"template":"","format":"standard","meta":{"_bbp_topic_count":0,"_bbp_reply_count":0,"_bbp_total_topic_count":0,"_bbp_total_reply_count":0,"_bbp_voice_count":0,"_bbp_anonymous_reply_count":0,"_bbp_topic_count_hidden":0,"_bbp_reply_count_hidden":0,"_bbp_forum_subforum_count":0,"footnotes":""},"categories":[3,2],"tags":[],"class_list":["post-2699","post","type-post","status-publish","format-standard","hentry","category-i4","category-infantil"],"post_mailing_queue_ids":[],"_links":{"self":[{"href":"https:\/\/agora.xtec.cat\/ceip-torre-llauder-mataro\/wp-json\/wp\/v2\/posts\/2699","targetHints":{"allow":["GET"]}}],"collection":[{"href":"https:\/\/agora.xtec.cat\/ceip-torre-llauder-mataro\/wp-json\/wp\/v2\/posts"}],"about":[{"href":"https:\/\/agora.xtec.cat\/ceip-torre-llauder-mataro\/wp-json\/wp\/v2\/types\/post"}],"author":[{"embeddable":true,"href":"https:\/\/agora.xtec.cat\/ceip-torre-llauder-mataro\/wp-json\/wp\/v2\/users\/10"}],"replies":[{"embeddable":true,"href":"https:\/\/agora.xtec.cat\/ceip-torre-llauder-mataro\/wp-json\/wp\/v2\/comments?post=2699"}],"version-history":[{"count":2,"href":"https:\/\/agora.xtec.cat\/ceip-torre-llauder-mataro\/wp-json\/wp\/v2\/posts\/2699\/revisions"}],"predecessor-version":[{"id":2702,"href":"https:\/\/agora.xtec.cat\/ceip-torre-llauder-mataro\/wp-json\/wp\/v2\/posts\/2699\/revisions\/2702"}],"wp:attachment":[{"href":"https:\/\/agora.xtec.cat\/ceip-torre-llauder-mataro\/wp-json\/wp\/v2\/media?parent=2699"}],"wp:term":[{"taxonomy":"category","embeddable":true,"href":"https:\/\/agora.xtec.cat\/ceip-torre-llauder-mataro\/wp-json\/wp\/v2\/categories?post=2699"},{"taxonomy":"post_tag","embeddable":true,"href":"https:\/\/agora.xtec.cat\/ceip-torre-llauder-mataro\/wp-json\/wp\/v2\/tags?post=2699"}],"curies":[{"name":"wp","href":"https:\/\/api.w.org\/{rel}","templated":true}]}}