{"id":2648,"date":"2019-11-15T18:56:57","date_gmt":"2019-11-15T17:56:57","guid":{"rendered":"http:\/\/agora.xtec.cat\/ceip-torre-llauder-mataro\/?p=2648"},"modified":"2019-11-15T18:56:57","modified_gmt":"2019-11-15T17:56:57","slug":"p5-verema","status":"publish","type":"post","link":"https:\/\/agora.xtec.cat\/ceip-torre-llauder-mataro\/infantil\/i5\/p5-verema\/","title":{"rendered":"P5 VEREMA"},"content":{"rendered":"<p style=\"text-align: left;\">Ja ha arribat el temps de la verema!! Hem vist un video per con\u00e8ixer tot el proc\u00e9s d&#8217;anar a la vinya, recollir el ra\u00efm i posar-lo en una galleda per trepitjar-lo, un cop fermentat fa vi i els nens i nenes no en poden veure, per\u00f2 recent aixafant \u00e9s suc de ra\u00efm que es diu MOST, avui a experimentaci\u00f3 hem fet most i l&#8217;hem tastat i, a m\u00e9s, hem tingut l&#8217;experi\u00e8ncia de trepitgar ra\u00efm. Mireu les fotos del la <a href=\"https:\/\/photos.app.goo.gl\/wcHF3tqyS1MUYdBb6\">VEREMA a P5.<\/a><\/p>\n","protected":false},"excerpt":{"rendered":"<p>Ja ha arribat el temps de la verema!! Hem vist un video per con\u00e8ixer tot el proc\u00e9s d&#8217;anar a la vinya, recollir el ra\u00efm i posar-lo en una galleda per trepitjar-lo, un cop fermentat fa vi i els nens i nenes no en poden veure,&hellip;  <a href=\"https:\/\/agora.xtec.cat\/ceip-torre-llauder-mataro\/infantil\/i5\/p5-verema\/\" title=\"Read P5 VEREMA\">Llegeix m\u00e9s\u00bb<\/a><\/p>\n","protected":false},"author":21,"featured_media":0,"comment_status":"open","ping_status":"closed","sticky":false,"template":"","format":"standard","meta":{"_bbp_topic_count":0,"_bbp_reply_count":0,"_bbp_total_topic_count":0,"_bbp_total_reply_count":0,"_bbp_voice_count":0,"_bbp_anonymous_reply_count":0,"_bbp_topic_count_hidden":0,"_bbp_reply_count_hidden":0,"_bbp_forum_subforum_count":0,"footnotes":""},"categories":[8],"tags":[],"class_list":["post-2648","post","type-post","status-publish","format-standard","hentry","category-i5"],"post_mailing_queue_ids":[],"_links":{"self":[{"href":"https:\/\/agora.xtec.cat\/ceip-torre-llauder-mataro\/wp-json\/wp\/v2\/posts\/2648","targetHints":{"allow":["GET"]}}],"collection":[{"href":"https:\/\/agora.xtec.cat\/ceip-torre-llauder-mataro\/wp-json\/wp\/v2\/posts"}],"about":[{"href":"https:\/\/agora.xtec.cat\/ceip-torre-llauder-mataro\/wp-json\/wp\/v2\/types\/post"}],"author":[{"embeddable":true,"href":"https:\/\/agora.xtec.cat\/ceip-torre-llauder-mataro\/wp-json\/wp\/v2\/users\/21"}],"replies":[{"embeddable":true,"href":"https:\/\/agora.xtec.cat\/ceip-torre-llauder-mataro\/wp-json\/wp\/v2\/comments?post=2648"}],"version-history":[{"count":1,"href":"https:\/\/agora.xtec.cat\/ceip-torre-llauder-mataro\/wp-json\/wp\/v2\/posts\/2648\/revisions"}],"predecessor-version":[{"id":2649,"href":"https:\/\/agora.xtec.cat\/ceip-torre-llauder-mataro\/wp-json\/wp\/v2\/posts\/2648\/revisions\/2649"}],"wp:attachment":[{"href":"https:\/\/agora.xtec.cat\/ceip-torre-llauder-mataro\/wp-json\/wp\/v2\/media?parent=2648"}],"wp:term":[{"taxonomy":"category","embeddable":true,"href":"https:\/\/agora.xtec.cat\/ceip-torre-llauder-mataro\/wp-json\/wp\/v2\/categories?post=2648"},{"taxonomy":"post_tag","embeddable":true,"href":"https:\/\/agora.xtec.cat\/ceip-torre-llauder-mataro\/wp-json\/wp\/v2\/tags?post=2648"}],"curies":[{"name":"wp","href":"https:\/\/api.w.org\/{rel}","templated":true}]}}