{"id":2605,"date":"2019-11-11T21:54:43","date_gmt":"2019-11-11T20:54:43","guid":{"rendered":"http:\/\/agora.xtec.cat\/ceip-torre-llauder-mataro\/?p=2605"},"modified":"2019-11-11T21:54:43","modified_gmt":"2019-11-11T20:54:43","slug":"llimonada-per-a-tots","status":"publish","type":"post","link":"https:\/\/agora.xtec.cat\/ceip-torre-llauder-mataro\/infantil\/llimonada-per-a-tots\/","title":{"rendered":"Llimonada per a tots!!"},"content":{"rendered":"<p>Avui a l&#8217;escola hem fet llimonada! Per a fer-la hem necessitat l&#8217;ajuda de tots els nens per expr\u00e8mer les llimones. Primer ho hem fet manualment i despr\u00e9s amb un expremedor el\u00e8ctric. Ha estat molt divertit! A casa segur que ja us poden ajudar a fer els sucs de taronja, hi ha qui te molta tra\u00e7a!<\/p>\n<p><a href=\"https:\/\/photos.app.goo.gl\/5kjUE5vwSZRm5r8m7\">Fotos suc de llimona<\/a><\/p>\n","protected":false},"excerpt":{"rendered":"<p>Avui a l&#8217;escola hem fet llimonada! Per a fer-la hem necessitat l&#8217;ajuda de tots els nens per expr\u00e8mer les llimones. Primer ho hem fet manualment i despr\u00e9s amb un expremedor el\u00e8ctric. Ha estat molt divertit! A casa segur que ja us poden ajudar a fer&hellip;  <a href=\"https:\/\/agora.xtec.cat\/ceip-torre-llauder-mataro\/infantil\/llimonada-per-a-tots\/\" title=\"Read Llimonada per a tots!!\">Llegeix m\u00e9s\u00bb<\/a><\/p>\n","protected":false},"author":10,"featured_media":0,"comment_status":"open","ping_status":"closed","sticky":false,"template":"","format":"standard","meta":{"_bbp_topic_count":0,"_bbp_reply_count":0,"_bbp_total_topic_count":0,"_bbp_total_reply_count":0,"_bbp_voice_count":0,"_bbp_anonymous_reply_count":0,"_bbp_topic_count_hidden":0,"_bbp_reply_count_hidden":0,"_bbp_forum_subforum_count":0,"footnotes":""},"categories":[3,2],"tags":[],"class_list":["post-2605","post","type-post","status-publish","format-standard","hentry","category-i4","category-infantil"],"post_mailing_queue_ids":[],"_links":{"self":[{"href":"https:\/\/agora.xtec.cat\/ceip-torre-llauder-mataro\/wp-json\/wp\/v2\/posts\/2605","targetHints":{"allow":["GET"]}}],"collection":[{"href":"https:\/\/agora.xtec.cat\/ceip-torre-llauder-mataro\/wp-json\/wp\/v2\/posts"}],"about":[{"href":"https:\/\/agora.xtec.cat\/ceip-torre-llauder-mataro\/wp-json\/wp\/v2\/types\/post"}],"author":[{"embeddable":true,"href":"https:\/\/agora.xtec.cat\/ceip-torre-llauder-mataro\/wp-json\/wp\/v2\/users\/10"}],"replies":[{"embeddable":true,"href":"https:\/\/agora.xtec.cat\/ceip-torre-llauder-mataro\/wp-json\/wp\/v2\/comments?post=2605"}],"version-history":[{"count":1,"href":"https:\/\/agora.xtec.cat\/ceip-torre-llauder-mataro\/wp-json\/wp\/v2\/posts\/2605\/revisions"}],"predecessor-version":[{"id":2606,"href":"https:\/\/agora.xtec.cat\/ceip-torre-llauder-mataro\/wp-json\/wp\/v2\/posts\/2605\/revisions\/2606"}],"wp:attachment":[{"href":"https:\/\/agora.xtec.cat\/ceip-torre-llauder-mataro\/wp-json\/wp\/v2\/media?parent=2605"}],"wp:term":[{"taxonomy":"category","embeddable":true,"href":"https:\/\/agora.xtec.cat\/ceip-torre-llauder-mataro\/wp-json\/wp\/v2\/categories?post=2605"},{"taxonomy":"post_tag","embeddable":true,"href":"https:\/\/agora.xtec.cat\/ceip-torre-llauder-mataro\/wp-json\/wp\/v2\/tags?post=2605"}],"curies":[{"name":"wp","href":"https:\/\/api.w.org\/{rel}","templated":true}]}}