{"id":2460,"date":"2019-10-17T18:21:14","date_gmt":"2019-10-17T16:21:14","guid":{"rendered":"http:\/\/agora.xtec.cat\/ceip-torre-llauder-mataro\/?p=2460"},"modified":"2019-10-17T18:24:05","modified_gmt":"2019-10-17T16:24:05","slug":"tallers-de-plastica-ed-infantil-1er-trimestre","status":"publish","type":"post","link":"https:\/\/agora.xtec.cat\/ceip-torre-llauder-mataro\/infantil\/tallers-de-plastica-ed-infantil-1er-trimestre\/","title":{"rendered":"TALLERS DE PL\u00c0STICA ED. INFANTIL (1er trimestre)"},"content":{"rendered":"<p style=\"text-align: left;\">Hola, fam\u00edlies!! Avui hem iniciat els tallers de pl\u00e0stica amb nens i nenes de P3 a P5 barrejats, que agrada tant als petits com als grans. Els de P3 es van acostumant a canviar de mestres i d&#8217;aula i ho han fet mooolt b\u00e9!! Les propostes per aquest trimestre van des de pintar amb sal, fer fang, fer paraig\u00fces i pluja, collage dins de mans i, fins i tot, cosir! De tot una mica, podeu veure aqu\u00ed les fotos dels <a href=\"https:\/\/photos.app.goo.gl\/vNuYemC2ZvuEfGqx6\">TALLERS<\/a>.<\/p>\n<p style=\"text-align: left;\">Al llarg de les setmanes aniran passant pels diferents tallers i anirem afegint les fotos. Esperem que us agradin!<\/p>\n","protected":false},"excerpt":{"rendered":"<p>Hola, fam\u00edlies!! Avui hem iniciat els tallers de pl\u00e0stica amb nens i nenes de P3 a P5 barrejats, que agrada tant als petits com als grans. Els de P3 es van acostumant a canviar de mestres i d&#8217;aula i ho han fet mooolt b\u00e9!! Les&hellip;  <a href=\"https:\/\/agora.xtec.cat\/ceip-torre-llauder-mataro\/infantil\/tallers-de-plastica-ed-infantil-1er-trimestre\/\" title=\"Read TALLERS DE PL\u00c0STICA ED. INFANTIL (1er trimestre)\">Llegeix m\u00e9s\u00bb<\/a><\/p>\n","protected":false},"author":21,"featured_media":0,"comment_status":"open","ping_status":"closed","sticky":false,"template":"","format":"standard","meta":{"_bbp_topic_count":0,"_bbp_reply_count":0,"_bbp_total_topic_count":0,"_bbp_total_reply_count":0,"_bbp_voice_count":0,"_bbp_anonymous_reply_count":0,"_bbp_topic_count_hidden":0,"_bbp_reply_count_hidden":0,"_bbp_forum_subforum_count":0,"footnotes":""},"categories":[83,3,8,2],"tags":[],"class_list":["post-2460","post","type-post","status-publish","format-standard","hentry","category-i3","category-i4","category-i5","category-infantil"],"post_mailing_queue_ids":[],"_links":{"self":[{"href":"https:\/\/agora.xtec.cat\/ceip-torre-llauder-mataro\/wp-json\/wp\/v2\/posts\/2460","targetHints":{"allow":["GET"]}}],"collection":[{"href":"https:\/\/agora.xtec.cat\/ceip-torre-llauder-mataro\/wp-json\/wp\/v2\/posts"}],"about":[{"href":"https:\/\/agora.xtec.cat\/ceip-torre-llauder-mataro\/wp-json\/wp\/v2\/types\/post"}],"author":[{"embeddable":true,"href":"https:\/\/agora.xtec.cat\/ceip-torre-llauder-mataro\/wp-json\/wp\/v2\/users\/21"}],"replies":[{"embeddable":true,"href":"https:\/\/agora.xtec.cat\/ceip-torre-llauder-mataro\/wp-json\/wp\/v2\/comments?post=2460"}],"version-history":[{"count":2,"href":"https:\/\/agora.xtec.cat\/ceip-torre-llauder-mataro\/wp-json\/wp\/v2\/posts\/2460\/revisions"}],"predecessor-version":[{"id":2462,"href":"https:\/\/agora.xtec.cat\/ceip-torre-llauder-mataro\/wp-json\/wp\/v2\/posts\/2460\/revisions\/2462"}],"wp:attachment":[{"href":"https:\/\/agora.xtec.cat\/ceip-torre-llauder-mataro\/wp-json\/wp\/v2\/media?parent=2460"}],"wp:term":[{"taxonomy":"category","embeddable":true,"href":"https:\/\/agora.xtec.cat\/ceip-torre-llauder-mataro\/wp-json\/wp\/v2\/categories?post=2460"},{"taxonomy":"post_tag","embeddable":true,"href":"https:\/\/agora.xtec.cat\/ceip-torre-llauder-mataro\/wp-json\/wp\/v2\/tags?post=2460"}],"curies":[{"name":"wp","href":"https:\/\/api.w.org\/{rel}","templated":true}]}}