{"id":2432,"date":"2019-10-13T00:12:37","date_gmt":"2019-10-12T22:12:37","guid":{"rendered":"http:\/\/agora.xtec.cat\/ceip-torre-llauder-mataro\/?p=2432"},"modified":"2019-10-13T00:12:37","modified_gmt":"2019-10-12T22:12:37","slug":"p3-pinces-i-tubs","status":"publish","type":"post","link":"https:\/\/agora.xtec.cat\/ceip-torre-llauder-mataro\/infantil\/p3-pinces-i-tubs\/","title":{"rendered":"P3- Pinces i tubs"},"content":{"rendered":"<p>Per comen\u00e7ar a practicar la motricitat fina, hem fet una sessi\u00f3 d&#8217;experimentaci\u00f3 on hem jugat\u00a0 a estendre la roba de les nines, a fer formes amb les pinces i pals de polo. Tamb\u00e9 hem intentat ficar i treure taps de suro a dins d&#8217;algunes ampolles, i hem constru\u00eft amb tubs de cartr\u00f3. Per acabar la sessi\u00f3 i tornar a la calma, cadasc\u00fa ha pintat un tub de cartr\u00f3 i en algun altre moment haurem de trobar el nostre d&#8217;entre el de tots els companys i companyes.<\/p>\n<p><a href=\"https:\/\/photos.app.goo.gl\/QKuVvDnUYHTKafqV6\">Pinces i tubs<\/a><\/p>\n","protected":false},"excerpt":{"rendered":"<p>Per comen\u00e7ar a practicar la motricitat fina, hem fet una sessi\u00f3 d&#8217;experimentaci\u00f3 on hem jugat\u00a0 a estendre la roba de les nines, a fer formes amb les pinces i pals de polo. Tamb\u00e9 hem intentat ficar i treure taps de suro a dins d&#8217;algunes ampolles,&hellip;  <a href=\"https:\/\/agora.xtec.cat\/ceip-torre-llauder-mataro\/infantil\/p3-pinces-i-tubs\/\" title=\"Read P3- Pinces i tubs\">Llegeix m\u00e9s\u00bb<\/a><\/p>\n","protected":false},"author":7,"featured_media":0,"comment_status":"open","ping_status":"closed","sticky":false,"template":"","format":"standard","meta":{"_bbp_topic_count":0,"_bbp_reply_count":0,"_bbp_total_topic_count":0,"_bbp_total_reply_count":0,"_bbp_voice_count":0,"_bbp_anonymous_reply_count":0,"_bbp_topic_count_hidden":0,"_bbp_reply_count_hidden":0,"_bbp_forum_subforum_count":0,"footnotes":""},"categories":[83,2],"tags":[],"class_list":["post-2432","post","type-post","status-publish","format-standard","hentry","category-i3","category-infantil"],"post_mailing_queue_ids":[],"_links":{"self":[{"href":"https:\/\/agora.xtec.cat\/ceip-torre-llauder-mataro\/wp-json\/wp\/v2\/posts\/2432","targetHints":{"allow":["GET"]}}],"collection":[{"href":"https:\/\/agora.xtec.cat\/ceip-torre-llauder-mataro\/wp-json\/wp\/v2\/posts"}],"about":[{"href":"https:\/\/agora.xtec.cat\/ceip-torre-llauder-mataro\/wp-json\/wp\/v2\/types\/post"}],"author":[{"embeddable":true,"href":"https:\/\/agora.xtec.cat\/ceip-torre-llauder-mataro\/wp-json\/wp\/v2\/users\/7"}],"replies":[{"embeddable":true,"href":"https:\/\/agora.xtec.cat\/ceip-torre-llauder-mataro\/wp-json\/wp\/v2\/comments?post=2432"}],"version-history":[{"count":1,"href":"https:\/\/agora.xtec.cat\/ceip-torre-llauder-mataro\/wp-json\/wp\/v2\/posts\/2432\/revisions"}],"predecessor-version":[{"id":2433,"href":"https:\/\/agora.xtec.cat\/ceip-torre-llauder-mataro\/wp-json\/wp\/v2\/posts\/2432\/revisions\/2433"}],"wp:attachment":[{"href":"https:\/\/agora.xtec.cat\/ceip-torre-llauder-mataro\/wp-json\/wp\/v2\/media?parent=2432"}],"wp:term":[{"taxonomy":"category","embeddable":true,"href":"https:\/\/agora.xtec.cat\/ceip-torre-llauder-mataro\/wp-json\/wp\/v2\/categories?post=2432"},{"taxonomy":"post_tag","embeddable":true,"href":"https:\/\/agora.xtec.cat\/ceip-torre-llauder-mataro\/wp-json\/wp\/v2\/tags?post=2432"}],"curies":[{"name":"wp","href":"https:\/\/api.w.org\/{rel}","templated":true}]}}