{"id":2428,"date":"2019-10-13T00:00:23","date_gmt":"2019-10-12T22:00:23","guid":{"rendered":"http:\/\/agora.xtec.cat\/ceip-torre-llauder-mataro\/?p=2428"},"modified":"2019-10-13T00:00:23","modified_gmt":"2019-10-12T22:00:23","slug":"sorra-magica-a-p3","status":"publish","type":"post","link":"https:\/\/agora.xtec.cat\/ceip-torre-llauder-mataro\/infantil\/sorra-magica-a-p3\/","title":{"rendered":"Sorra m\u00e0gica a P3"},"content":{"rendered":"<p>La primera sessi\u00f3 d&#8217;experimentaci\u00f3 ha sigut molt divertida, ja que hem fet sorra m\u00e0gica.<\/p>\n<p>Amb una mica de farina i oli corporal, hem comen\u00e7at a barrejar. Ens ha agradat molt fer pastetes i a canvi hem aconseguit tenir sorra m\u00e0gica per quan fem racons a la classe.<\/p>\n<p><a href=\"https:\/\/photos.app.goo.gl\/tiP8Aw21MxwfDDXL7\">Sorra m\u00e0gica<\/a><\/p>\n","protected":false},"excerpt":{"rendered":"<p>La primera sessi\u00f3 d&#8217;experimentaci\u00f3 ha sigut molt divertida, ja que hem fet sorra m\u00e0gica.<br \/>\nAmb una mica de farina i oli corporal, hem comen\u00e7at a barrejar. Ens ha agradat molt fer pastetes i a canvi hem aconseguit tenir sorra m\u00e0gica per quan fem racons a la&hellip;  <a href=\"https:\/\/agora.xtec.cat\/ceip-torre-llauder-mataro\/infantil\/sorra-magica-a-p3\/\" title=\"Read Sorra m\u00e0gica a P3\">Llegeix m\u00e9s\u00bb<\/a><\/p>\n","protected":false},"author":7,"featured_media":0,"comment_status":"open","ping_status":"closed","sticky":false,"template":"","format":"standard","meta":{"_bbp_topic_count":0,"_bbp_reply_count":0,"_bbp_total_topic_count":0,"_bbp_total_reply_count":0,"_bbp_voice_count":0,"_bbp_anonymous_reply_count":0,"_bbp_topic_count_hidden":0,"_bbp_reply_count_hidden":0,"_bbp_forum_subforum_count":0,"footnotes":""},"categories":[83,2],"tags":[],"class_list":["post-2428","post","type-post","status-publish","format-standard","hentry","category-i3","category-infantil"],"post_mailing_queue_ids":[],"_links":{"self":[{"href":"https:\/\/agora.xtec.cat\/ceip-torre-llauder-mataro\/wp-json\/wp\/v2\/posts\/2428","targetHints":{"allow":["GET"]}}],"collection":[{"href":"https:\/\/agora.xtec.cat\/ceip-torre-llauder-mataro\/wp-json\/wp\/v2\/posts"}],"about":[{"href":"https:\/\/agora.xtec.cat\/ceip-torre-llauder-mataro\/wp-json\/wp\/v2\/types\/post"}],"author":[{"embeddable":true,"href":"https:\/\/agora.xtec.cat\/ceip-torre-llauder-mataro\/wp-json\/wp\/v2\/users\/7"}],"replies":[{"embeddable":true,"href":"https:\/\/agora.xtec.cat\/ceip-torre-llauder-mataro\/wp-json\/wp\/v2\/comments?post=2428"}],"version-history":[{"count":1,"href":"https:\/\/agora.xtec.cat\/ceip-torre-llauder-mataro\/wp-json\/wp\/v2\/posts\/2428\/revisions"}],"predecessor-version":[{"id":2429,"href":"https:\/\/agora.xtec.cat\/ceip-torre-llauder-mataro\/wp-json\/wp\/v2\/posts\/2428\/revisions\/2429"}],"wp:attachment":[{"href":"https:\/\/agora.xtec.cat\/ceip-torre-llauder-mataro\/wp-json\/wp\/v2\/media?parent=2428"}],"wp:term":[{"taxonomy":"category","embeddable":true,"href":"https:\/\/agora.xtec.cat\/ceip-torre-llauder-mataro\/wp-json\/wp\/v2\/categories?post=2428"},{"taxonomy":"post_tag","embeddable":true,"href":"https:\/\/agora.xtec.cat\/ceip-torre-llauder-mataro\/wp-json\/wp\/v2\/tags?post=2428"}],"curies":[{"name":"wp","href":"https:\/\/api.w.org\/{rel}","templated":true}]}}