{"id":2413,"date":"2019-10-10T20:26:27","date_gmt":"2019-10-10T18:26:27","guid":{"rendered":"http:\/\/agora.xtec.cat\/ceip-torre-llauder-mataro\/?p=2413"},"modified":"2019-10-10T20:45:56","modified_gmt":"2019-10-10T18:45:56","slug":"tenim-ganes-que-plogui-a-p5","status":"publish","type":"post","link":"https:\/\/agora.xtec.cat\/ceip-torre-llauder-mataro\/infantil\/i5\/tenim-ganes-que-plogui-a-p5\/","title":{"rendered":"A P5 tenim ganes que plogui!!"},"content":{"rendered":"<p style=\"text-align: left;\">Amb la tardor arribada esperem la pluja amb il.lusi\u00f3 per\u00f2 no acaba d&#8217;arribar per aix\u00f2 hem pensat fer activitats varies a experimentaci\u00f3 a veure si aix\u00ed s&#8217;anima:<\/p>\n<p><a href=\"https:\/\/photos.app.goo.gl\/D9ufFHLTXPoFbTJT6\">Pals de pluja<\/a><\/p>\n<p><a href=\"https:\/\/photos.app.goo.gl\/2vBJeKpP5g8p4JQB6\">Paraig\u00fces a les finestres<\/a><\/p>\n","protected":false},"excerpt":{"rendered":"<p>Amb la tardor arribada esperem la pluja amb il.lusi\u00f3 per\u00f2 no acaba d&#8217;arribar per aix\u00f2 hem pensat fer activitats varies a experimentaci\u00f3 a veure si aix\u00ed s&#8217;anima:<br \/>\n<a href=\"https:\/\/photos.app.goo.gl\/D9ufFHLTXPoFbTJT6\">Pals de pluja<\/a><br \/>\n<a href=\"https:\/\/photos.app.goo.gl\/2vBJeKpP5g8p4JQB6\">Paraig\u00fces a les finestres<\/a><\/p>\n","protected":false},"author":21,"featured_media":0,"comment_status":"open","ping_status":"closed","sticky":false,"template":"","format":"standard","meta":{"_bbp_topic_count":0,"_bbp_reply_count":0,"_bbp_total_topic_count":0,"_bbp_total_reply_count":0,"_bbp_voice_count":0,"_bbp_anonymous_reply_count":0,"_bbp_topic_count_hidden":0,"_bbp_reply_count_hidden":0,"_bbp_forum_subforum_count":0,"footnotes":""},"categories":[8],"tags":[],"class_list":["post-2413","post","type-post","status-publish","format-standard","hentry","category-i5"],"post_mailing_queue_ids":[],"_links":{"self":[{"href":"https:\/\/agora.xtec.cat\/ceip-torre-llauder-mataro\/wp-json\/wp\/v2\/posts\/2413","targetHints":{"allow":["GET"]}}],"collection":[{"href":"https:\/\/agora.xtec.cat\/ceip-torre-llauder-mataro\/wp-json\/wp\/v2\/posts"}],"about":[{"href":"https:\/\/agora.xtec.cat\/ceip-torre-llauder-mataro\/wp-json\/wp\/v2\/types\/post"}],"author":[{"embeddable":true,"href":"https:\/\/agora.xtec.cat\/ceip-torre-llauder-mataro\/wp-json\/wp\/v2\/users\/21"}],"replies":[{"embeddable":true,"href":"https:\/\/agora.xtec.cat\/ceip-torre-llauder-mataro\/wp-json\/wp\/v2\/comments?post=2413"}],"version-history":[{"count":2,"href":"https:\/\/agora.xtec.cat\/ceip-torre-llauder-mataro\/wp-json\/wp\/v2\/posts\/2413\/revisions"}],"predecessor-version":[{"id":2416,"href":"https:\/\/agora.xtec.cat\/ceip-torre-llauder-mataro\/wp-json\/wp\/v2\/posts\/2413\/revisions\/2416"}],"wp:attachment":[{"href":"https:\/\/agora.xtec.cat\/ceip-torre-llauder-mataro\/wp-json\/wp\/v2\/media?parent=2413"}],"wp:term":[{"taxonomy":"category","embeddable":true,"href":"https:\/\/agora.xtec.cat\/ceip-torre-llauder-mataro\/wp-json\/wp\/v2\/categories?post=2413"},{"taxonomy":"post_tag","embeddable":true,"href":"https:\/\/agora.xtec.cat\/ceip-torre-llauder-mataro\/wp-json\/wp\/v2\/tags?post=2413"}],"curies":[{"name":"wp","href":"https:\/\/api.w.org\/{rel}","templated":true}]}}