{"id":2394,"date":"2019-09-26T22:01:02","date_gmt":"2019-09-26T20:01:02","guid":{"rendered":"http:\/\/agora.xtec.cat\/ceip-torre-llauder-mataro\/?p=2394"},"modified":"2019-09-26T22:01:02","modified_gmt":"2019-09-26T20:01:02","slug":"p5-racons-dels-primers-dies","status":"publish","type":"post","link":"https:\/\/agora.xtec.cat\/ceip-torre-llauder-mataro\/infantil\/i5\/p5-racons-dels-primers-dies\/","title":{"rendered":"P5-RACONS DELS PRIMERS DIES"},"content":{"rendered":"<p style=\"text-align: left;\">Arrenquem amb el treball per racons, on els nens i nenes aprenen jugant i compartint coneixements i el material. Lliurement trien el rac\u00f3 en el que volen participar d&#8217;entre les m\u00faltiples propostes. Mireu aqu\u00ed com treballen per <a href=\"https:\/\/photos.app.goo.gl\/cNeTykJ1yuyBmJUE7\">RACONS<\/a><\/p>\n","protected":false},"excerpt":{"rendered":"<p>Arrenquem amb el treball per racons, on els nens i nenes aprenen jugant i compartint coneixements i el material. Lliurement trien el rac\u00f3 en el que volen participar d&#8217;entre les m\u00faltiples propostes. Mireu aqu\u00ed com treballen per <a href=\"https:\/\/photos.app.goo.gl\/cNeTykJ1yuyBmJUE7\">RACONS<\/a><\/p>\n","protected":false},"author":21,"featured_media":0,"comment_status":"open","ping_status":"closed","sticky":false,"template":"","format":"standard","meta":{"_bbp_topic_count":0,"_bbp_reply_count":0,"_bbp_total_topic_count":0,"_bbp_total_reply_count":0,"_bbp_voice_count":0,"_bbp_anonymous_reply_count":0,"_bbp_topic_count_hidden":0,"_bbp_reply_count_hidden":0,"_bbp_forum_subforum_count":0,"footnotes":""},"categories":[8],"tags":[],"class_list":["post-2394","post","type-post","status-publish","format-standard","hentry","category-i5"],"post_mailing_queue_ids":[],"_links":{"self":[{"href":"https:\/\/agora.xtec.cat\/ceip-torre-llauder-mataro\/wp-json\/wp\/v2\/posts\/2394","targetHints":{"allow":["GET"]}}],"collection":[{"href":"https:\/\/agora.xtec.cat\/ceip-torre-llauder-mataro\/wp-json\/wp\/v2\/posts"}],"about":[{"href":"https:\/\/agora.xtec.cat\/ceip-torre-llauder-mataro\/wp-json\/wp\/v2\/types\/post"}],"author":[{"embeddable":true,"href":"https:\/\/agora.xtec.cat\/ceip-torre-llauder-mataro\/wp-json\/wp\/v2\/users\/21"}],"replies":[{"embeddable":true,"href":"https:\/\/agora.xtec.cat\/ceip-torre-llauder-mataro\/wp-json\/wp\/v2\/comments?post=2394"}],"version-history":[{"count":1,"href":"https:\/\/agora.xtec.cat\/ceip-torre-llauder-mataro\/wp-json\/wp\/v2\/posts\/2394\/revisions"}],"predecessor-version":[{"id":2395,"href":"https:\/\/agora.xtec.cat\/ceip-torre-llauder-mataro\/wp-json\/wp\/v2\/posts\/2394\/revisions\/2395"}],"wp:attachment":[{"href":"https:\/\/agora.xtec.cat\/ceip-torre-llauder-mataro\/wp-json\/wp\/v2\/media?parent=2394"}],"wp:term":[{"taxonomy":"category","embeddable":true,"href":"https:\/\/agora.xtec.cat\/ceip-torre-llauder-mataro\/wp-json\/wp\/v2\/categories?post=2394"},{"taxonomy":"post_tag","embeddable":true,"href":"https:\/\/agora.xtec.cat\/ceip-torre-llauder-mataro\/wp-json\/wp\/v2\/tags?post=2394"}],"curies":[{"name":"wp","href":"https:\/\/api.w.org\/{rel}","templated":true}]}}