{"id":2390,"date":"2019-09-26T21:19:14","date_gmt":"2019-09-26T19:19:14","guid":{"rendered":"http:\/\/agora.xtec.cat\/ceip-torre-llauder-mataro\/?p=2390"},"modified":"2019-09-26T22:03:29","modified_gmt":"2019-09-26T20:03:29","slug":"comencem-p5-2019-2020","status":"publish","type":"post","link":"https:\/\/agora.xtec.cat\/ceip-torre-llauder-mataro\/infantil\/i5\/comencem-p5-2019-2020\/","title":{"rendered":"COMENCEM P5 (2019\/2020)!!"},"content":{"rendered":"<p style=\"text-align: left;\">Ja estem de tornada de les vacances!! Despr\u00e9s de con\u00e8ixer els nans i capgrossos de Matar\u00f3 hem triat el nom de la classe, aquest curs P5 ser\u00e0 la <strong>CLASSE DEL BUF\u00d3<\/strong>. <a href=\"https:\/\/photos.app.goo.gl\/RhYxmHnEpbQtM8qh8\">Mireu aqu\u00ed les fotos<\/a><\/p>\n","protected":false},"excerpt":{"rendered":"<p>Ja estem de tornada de les vacances!! Despr\u00e9s de con\u00e8ixer els nans i capgrossos de Matar\u00f3 hem triat el nom de la classe, aquest curs P5 ser\u00e0 la CLASSE DEL BUF\u00d3. <a href=\"https:\/\/photos.app.goo.gl\/RhYxmHnEpbQtM8qh8\">Mireu aqu\u00ed les fotos<\/a><\/p>\n","protected":false},"author":21,"featured_media":0,"comment_status":"open","ping_status":"closed","sticky":false,"template":"","format":"standard","meta":{"_bbp_topic_count":0,"_bbp_reply_count":0,"_bbp_total_topic_count":0,"_bbp_total_reply_count":0,"_bbp_voice_count":0,"_bbp_anonymous_reply_count":0,"_bbp_topic_count_hidden":0,"_bbp_reply_count_hidden":0,"_bbp_forum_subforum_count":0,"footnotes":""},"categories":[8],"tags":[],"class_list":["post-2390","post","type-post","status-publish","format-standard","hentry","category-i5"],"post_mailing_queue_ids":[],"_links":{"self":[{"href":"https:\/\/agora.xtec.cat\/ceip-torre-llauder-mataro\/wp-json\/wp\/v2\/posts\/2390","targetHints":{"allow":["GET"]}}],"collection":[{"href":"https:\/\/agora.xtec.cat\/ceip-torre-llauder-mataro\/wp-json\/wp\/v2\/posts"}],"about":[{"href":"https:\/\/agora.xtec.cat\/ceip-torre-llauder-mataro\/wp-json\/wp\/v2\/types\/post"}],"author":[{"embeddable":true,"href":"https:\/\/agora.xtec.cat\/ceip-torre-llauder-mataro\/wp-json\/wp\/v2\/users\/21"}],"replies":[{"embeddable":true,"href":"https:\/\/agora.xtec.cat\/ceip-torre-llauder-mataro\/wp-json\/wp\/v2\/comments?post=2390"}],"version-history":[{"count":2,"href":"https:\/\/agora.xtec.cat\/ceip-torre-llauder-mataro\/wp-json\/wp\/v2\/posts\/2390\/revisions"}],"predecessor-version":[{"id":2396,"href":"https:\/\/agora.xtec.cat\/ceip-torre-llauder-mataro\/wp-json\/wp\/v2\/posts\/2390\/revisions\/2396"}],"wp:attachment":[{"href":"https:\/\/agora.xtec.cat\/ceip-torre-llauder-mataro\/wp-json\/wp\/v2\/media?parent=2390"}],"wp:term":[{"taxonomy":"category","embeddable":true,"href":"https:\/\/agora.xtec.cat\/ceip-torre-llauder-mataro\/wp-json\/wp\/v2\/categories?post=2390"},{"taxonomy":"post_tag","embeddable":true,"href":"https:\/\/agora.xtec.cat\/ceip-torre-llauder-mataro\/wp-json\/wp\/v2\/tags?post=2390"}],"curies":[{"name":"wp","href":"https:\/\/api.w.org\/{rel}","templated":true}]}}