{"id":2380,"date":"2019-09-16T13:28:40","date_gmt":"2019-09-16T11:28:40","guid":{"rendered":"http:\/\/agora.xtec.cat\/ceip-torre-llauder-mataro\/?p=2380"},"modified":"2019-09-16T13:31:42","modified_gmt":"2019-09-16T11:31:42","slug":"el-meu-primer-dia-al-torre-llauder-3","status":"publish","type":"post","link":"https:\/\/agora.xtec.cat\/ceip-torre-llauder-mataro\/general\/el-meu-primer-dia-al-torre-llauder-3\/","title":{"rendered":"El meu primer dia al Torre Llauder!"},"content":{"rendered":"<p>El primer dia a l&#8217;escola resulta un dels moments m\u00e9s especials i m\u00e0gics pels nens i nenes i les seves fam\u00edlies.<\/p>\n<p>Aqu\u00ed teniu un<strong> petit v\u00eddeo del primer dia dels vostres fills i filles a P3<\/strong>, esperem que sigui un molt bon record per vosaltres! \ud83d\ude42<\/p>\n<ul style=\"list-style-type: circle;\">\n<li><a href=\"https:\/\/photos.app.goo.gl\/ncVR4pNiFsWLx9nS8\"><strong>P3 MAT\u00cd<\/strong> EL MEU PRIMER DIA AL TORRE LLAUDER!<\/a><\/li>\n<li><a href=\"https:\/\/photos.app.goo.gl\/busL2iRG6qgBTQx19\"><strong>P3 TARDA<\/strong> EL MEU PRIMER DIA AL TORRE LLAUDER!<\/a><\/li>\n<\/ul>\n<p><img decoding=\"async\" src=\"https:\/\/i.pinimg.com\/originals\/1a\/8f\/dc\/1a8fdcc3b031c0928f266dc913212334.jpg\" alt=\"Resultat d'imatges de joan turu\" \/><\/p>\n","protected":false},"excerpt":{"rendered":"<p>El primer dia a l&#8217;escola resulta un dels moments m\u00e9s especials i m\u00e0gics pels nens i nenes i les seves fam\u00edlies.<br \/>\nAqu\u00ed teniu un petit v\u00eddeo del primer dia dels vostres fills i filles a P3, esperem que sigui un molt bon record per vosaltres! \ud83d\ude42\n<ul&hellip;  <a href=\"https:\/\/agora.xtec.cat\/ceip-torre-llauder-mataro\/general\/el-meu-primer-dia-al-torre-llauder-3\/\" title=\"Read El meu primer dia al Torre Llauder!\">Llegeix m\u00e9s\u00bb<\/a><\/p>\n","protected":false},"author":19,"featured_media":0,"comment_status":"open","ping_status":"closed","sticky":false,"template":"","format":"standard","meta":{"_bbp_topic_count":0,"_bbp_reply_count":0,"_bbp_total_topic_count":0,"_bbp_total_reply_count":0,"_bbp_voice_count":0,"_bbp_anonymous_reply_count":0,"_bbp_topic_count_hidden":0,"_bbp_reply_count_hidden":0,"_bbp_forum_subforum_count":0,"footnotes":""},"categories":[1,83,2,4],"tags":[],"class_list":["post-2380","post","type-post","status-publish","format-standard","hentry","category-general","category-i3","category-infantil","category-portada"],"post_mailing_queue_ids":[],"_links":{"self":[{"href":"https:\/\/agora.xtec.cat\/ceip-torre-llauder-mataro\/wp-json\/wp\/v2\/posts\/2380","targetHints":{"allow":["GET"]}}],"collection":[{"href":"https:\/\/agora.xtec.cat\/ceip-torre-llauder-mataro\/wp-json\/wp\/v2\/posts"}],"about":[{"href":"https:\/\/agora.xtec.cat\/ceip-torre-llauder-mataro\/wp-json\/wp\/v2\/types\/post"}],"author":[{"embeddable":true,"href":"https:\/\/agora.xtec.cat\/ceip-torre-llauder-mataro\/wp-json\/wp\/v2\/users\/19"}],"replies":[{"embeddable":true,"href":"https:\/\/agora.xtec.cat\/ceip-torre-llauder-mataro\/wp-json\/wp\/v2\/comments?post=2380"}],"version-history":[{"count":2,"href":"https:\/\/agora.xtec.cat\/ceip-torre-llauder-mataro\/wp-json\/wp\/v2\/posts\/2380\/revisions"}],"predecessor-version":[{"id":2382,"href":"https:\/\/agora.xtec.cat\/ceip-torre-llauder-mataro\/wp-json\/wp\/v2\/posts\/2380\/revisions\/2382"}],"wp:attachment":[{"href":"https:\/\/agora.xtec.cat\/ceip-torre-llauder-mataro\/wp-json\/wp\/v2\/media?parent=2380"}],"wp:term":[{"taxonomy":"category","embeddable":true,"href":"https:\/\/agora.xtec.cat\/ceip-torre-llauder-mataro\/wp-json\/wp\/v2\/categories?post=2380"},{"taxonomy":"post_tag","embeddable":true,"href":"https:\/\/agora.xtec.cat\/ceip-torre-llauder-mataro\/wp-json\/wp\/v2\/tags?post=2380"}],"curies":[{"name":"wp","href":"https:\/\/api.w.org\/{rel}","templated":true}]}}