{"id":2376,"date":"2019-06-22T16:05:15","date_gmt":"2019-06-22T14:05:15","guid":{"rendered":"http:\/\/agora.xtec.cat\/ceip-torre-llauder-mataro\/?p=2376"},"modified":"2019-06-22T16:05:15","modified_gmt":"2019-06-22T14:05:15","slug":"xeringada-ed-infantil","status":"publish","type":"post","link":"https:\/\/agora.xtec.cat\/ceip-torre-llauder-mataro\/infantil\/xeringada-ed-infantil\/","title":{"rendered":"XERINGADA ED INFANTIL"},"content":{"rendered":"<p style=\"text-align: left;\">Ja tenim aqu\u00ed la festa de fi de curs!! \u00c9s un dia molt especial i emotiu: acaba el curs, ens acomiadem de 6\u00e8, esmorzem tots junts i juntes coca de Sant Joan, i arriba un dels moments m\u00e9s esperat&#8230; la <a href=\"https:\/\/photos.app.goo.gl\/VuGMpAGrTzqkYANX8\">XERINGADA<\/a>!! Mireu que b\u00e9 ho ha passat, jugant amb l&#8217;aigua i tamb\u00e9 prenent el sol i menjant el &#8220;polin&#8221;.<\/p>\n<p>Us desitgem unes bones vacances i ens veiem al setembre!!<\/p>\n","protected":false},"excerpt":{"rendered":"<p>Ja tenim aqu\u00ed la festa de fi de curs!! \u00c9s un dia molt especial i emotiu: acaba el curs, ens acomiadem de 6\u00e8, esmorzem tots junts i juntes coca de Sant Joan, i arriba un dels moments m\u00e9s esperat&#8230; la <a href=\"https:\/\/photos.app.goo.gl\/VuGMpAGrTzqkYANX8\">XERINGADA<\/a>!! Mireu que b\u00e9&hellip;  <a href=\"https:\/\/agora.xtec.cat\/ceip-torre-llauder-mataro\/infantil\/xeringada-ed-infantil\/\" title=\"Read XERINGADA ED INFANTIL\">Llegeix m\u00e9s\u00bb<\/a><\/p>\n","protected":false},"author":21,"featured_media":0,"comment_status":"open","ping_status":"closed","sticky":false,"template":"","format":"standard","meta":{"_bbp_topic_count":0,"_bbp_reply_count":0,"_bbp_total_topic_count":0,"_bbp_total_reply_count":0,"_bbp_voice_count":0,"_bbp_anonymous_reply_count":0,"_bbp_topic_count_hidden":0,"_bbp_reply_count_hidden":0,"_bbp_forum_subforum_count":0,"footnotes":""},"categories":[83,3,8,2],"tags":[],"class_list":["post-2376","post","type-post","status-publish","format-standard","hentry","category-i3","category-i4","category-i5","category-infantil"],"post_mailing_queue_ids":[],"_links":{"self":[{"href":"https:\/\/agora.xtec.cat\/ceip-torre-llauder-mataro\/wp-json\/wp\/v2\/posts\/2376","targetHints":{"allow":["GET"]}}],"collection":[{"href":"https:\/\/agora.xtec.cat\/ceip-torre-llauder-mataro\/wp-json\/wp\/v2\/posts"}],"about":[{"href":"https:\/\/agora.xtec.cat\/ceip-torre-llauder-mataro\/wp-json\/wp\/v2\/types\/post"}],"author":[{"embeddable":true,"href":"https:\/\/agora.xtec.cat\/ceip-torre-llauder-mataro\/wp-json\/wp\/v2\/users\/21"}],"replies":[{"embeddable":true,"href":"https:\/\/agora.xtec.cat\/ceip-torre-llauder-mataro\/wp-json\/wp\/v2\/comments?post=2376"}],"version-history":[{"count":1,"href":"https:\/\/agora.xtec.cat\/ceip-torre-llauder-mataro\/wp-json\/wp\/v2\/posts\/2376\/revisions"}],"predecessor-version":[{"id":2377,"href":"https:\/\/agora.xtec.cat\/ceip-torre-llauder-mataro\/wp-json\/wp\/v2\/posts\/2376\/revisions\/2377"}],"wp:attachment":[{"href":"https:\/\/agora.xtec.cat\/ceip-torre-llauder-mataro\/wp-json\/wp\/v2\/media?parent=2376"}],"wp:term":[{"taxonomy":"category","embeddable":true,"href":"https:\/\/agora.xtec.cat\/ceip-torre-llauder-mataro\/wp-json\/wp\/v2\/categories?post=2376"},{"taxonomy":"post_tag","embeddable":true,"href":"https:\/\/agora.xtec.cat\/ceip-torre-llauder-mataro\/wp-json\/wp\/v2\/tags?post=2376"}],"curies":[{"name":"wp","href":"https:\/\/api.w.org\/{rel}","templated":true}]}}