{"id":2349,"date":"2019-05-27T17:08:52","date_gmt":"2019-05-27T15:08:52","guid":{"rendered":"http:\/\/agora.xtec.cat\/ceip-torre-llauder-mataro\/?p=2349"},"modified":"2019-05-28T10:07:01","modified_gmt":"2019-05-28T08:07:01","slug":"colonies-1r-dia","status":"publish","type":"post","link":"https:\/\/agora.xtec.cat\/ceip-torre-llauder-mataro\/general\/colonies-1r-dia\/","title":{"rendered":"Col\u00f2nies P5, 2n, 4t i 6\u00e8"},"content":{"rendered":"<p>Els nens i nenes de 2n, 4t i 6\u00e8 ja estan gaudint de les col\u00f2nies des d&#8217;ahir. Els de P5, des d&#8217;avui.<\/p>\n<p>En aquests enlla\u00e7os anirem posant algunes fotos:<\/p>\n<p><a href=\"https:\/\/photos.app.goo.gl\/DdE3w5tWVtkk3MyF9\">Dia 27\/05\/2019<\/a><\/p>\n<p><a href=\"https:\/\/photos.app.goo.gl\/quBHk4Ecye8Ws6No8\">Dia 28\/05\/2019<\/a><\/p>\n<p><a href=\"https:\/\/photos.app.goo.gl\/kJdvGWBGear1M5dC8\">Dia 29\/05\/2019<\/a><\/p>\n","protected":false},"excerpt":{"rendered":"<p>Els nens i nenes de 2n, 4t i 6\u00e8 ja estan gaudint de les col\u00f2nies des d&#8217;ahir. Els de P5, des d&#8217;avui.<br \/>\nEn aquests enlla\u00e7os anirem posant algunes fotos:<br \/>\n<a href=\"https:\/\/photos.app.goo.gl\/DdE3w5tWVtkk3MyF9\">Dia 27\/05\/2019<\/a><br \/>\n<a href=\"https:\/\/photos.app.goo.gl\/quBHk4Ecye8Ws6No8\">Dia 28\/05\/2019<\/a><br \/>\n<a href=\"https:\/\/photos.app.goo.gl\/kJdvGWBGear1M5dC8\">Dia 29\/05\/2019<\/a><\/p>\n","protected":false},"author":1,"featured_media":0,"comment_status":"open","ping_status":"closed","sticky":false,"template":"","format":"standard","meta":{"_bbp_topic_count":0,"_bbp_reply_count":0,"_bbp_total_topic_count":0,"_bbp_total_reply_count":0,"_bbp_voice_count":0,"_bbp_anonymous_reply_count":0,"_bbp_topic_count_hidden":0,"_bbp_reply_count_hidden":0,"_bbp_forum_subforum_count":0,"footnotes":""},"categories":[10,12,14,1,8,2,4,5],"tags":[65],"class_list":["post-2349","post","type-post","status-publish","format-standard","hentry","category-2n","category-4t","category-6e","category-general","category-i5","category-infantil","category-portada","category-primaria","tag-colonies"],"post_mailing_queue_ids":[],"_links":{"self":[{"href":"https:\/\/agora.xtec.cat\/ceip-torre-llauder-mataro\/wp-json\/wp\/v2\/posts\/2349","targetHints":{"allow":["GET"]}}],"collection":[{"href":"https:\/\/agora.xtec.cat\/ceip-torre-llauder-mataro\/wp-json\/wp\/v2\/posts"}],"about":[{"href":"https:\/\/agora.xtec.cat\/ceip-torre-llauder-mataro\/wp-json\/wp\/v2\/types\/post"}],"author":[{"embeddable":true,"href":"https:\/\/agora.xtec.cat\/ceip-torre-llauder-mataro\/wp-json\/wp\/v2\/users\/1"}],"replies":[{"embeddable":true,"href":"https:\/\/agora.xtec.cat\/ceip-torre-llauder-mataro\/wp-json\/wp\/v2\/comments?post=2349"}],"version-history":[{"count":2,"href":"https:\/\/agora.xtec.cat\/ceip-torre-llauder-mataro\/wp-json\/wp\/v2\/posts\/2349\/revisions"}],"predecessor-version":[{"id":2351,"href":"https:\/\/agora.xtec.cat\/ceip-torre-llauder-mataro\/wp-json\/wp\/v2\/posts\/2349\/revisions\/2351"}],"wp:attachment":[{"href":"https:\/\/agora.xtec.cat\/ceip-torre-llauder-mataro\/wp-json\/wp\/v2\/media?parent=2349"}],"wp:term":[{"taxonomy":"category","embeddable":true,"href":"https:\/\/agora.xtec.cat\/ceip-torre-llauder-mataro\/wp-json\/wp\/v2\/categories?post=2349"},{"taxonomy":"post_tag","embeddable":true,"href":"https:\/\/agora.xtec.cat\/ceip-torre-llauder-mataro\/wp-json\/wp\/v2\/tags?post=2349"}],"curies":[{"name":"wp","href":"https:\/\/api.w.org\/{rel}","templated":true}]}}