{"id":2345,"date":"2019-05-23T18:34:20","date_gmt":"2019-05-23T16:34:20","guid":{"rendered":"http:\/\/agora.xtec.cat\/ceip-torre-llauder-mataro\/?p=2345"},"modified":"2019-05-23T18:34:20","modified_gmt":"2019-05-23T16:34:20","slug":"sortida-rukimon-p3-p4-i-1r","status":"publish","type":"post","link":"https:\/\/agora.xtec.cat\/ceip-torre-llauder-mataro\/general\/sortida-rukimon-p3-p4-i-1r\/","title":{"rendered":"SORTIDA RUKIMON (P3, P4 i 1r)"},"content":{"rendered":"<p>Avui els infants de P3, P4 i 1er han fet una sortida ben especial, a veure els Rucs del Corredor on fan una feina per la conservaci\u00f3 i manteniment d&#8217;aquests fant\u00e0stics animals. Els nens i nenes s&#8217;ho han passat molt b\u00e9, ho podeu veure a les fotos de <a href=\"https:\/\/photos.app.goo.gl\/DGUbXj9piBZR2VrZ6\">sortida al RUKIMON.<\/a><\/p>\n","protected":false},"excerpt":{"rendered":"<p>Avui els infants de P3, P4 i 1er han fet una sortida ben especial, a veure els Rucs del Corredor on fan una feina per la conservaci\u00f3 i manteniment d&#8217;aquests fant\u00e0stics animals. Els nens i nenes s&#8217;ho han passat molt b\u00e9, ho podeu veure a&hellip;  <a href=\"https:\/\/agora.xtec.cat\/ceip-torre-llauder-mataro\/general\/sortida-rukimon-p3-p4-i-1r\/\" title=\"Read SORTIDA RUKIMON (P3, P4 i 1r)\">Llegeix m\u00e9s\u00bb<\/a><\/p>\n","protected":false},"author":21,"featured_media":0,"comment_status":"open","ping_status":"closed","sticky":false,"template":"","format":"standard","meta":{"_bbp_topic_count":0,"_bbp_reply_count":0,"_bbp_total_topic_count":0,"_bbp_total_reply_count":0,"_bbp_voice_count":0,"_bbp_anonymous_reply_count":0,"_bbp_topic_count_hidden":0,"_bbp_reply_count_hidden":0,"_bbp_forum_subforum_count":0,"footnotes":""},"categories":[9,1,83,3,2,4],"tags":[],"class_list":["post-2345","post","type-post","status-publish","format-standard","hentry","category-1r","category-general","category-i3","category-i4","category-infantil","category-portada"],"post_mailing_queue_ids":[],"_links":{"self":[{"href":"https:\/\/agora.xtec.cat\/ceip-torre-llauder-mataro\/wp-json\/wp\/v2\/posts\/2345","targetHints":{"allow":["GET"]}}],"collection":[{"href":"https:\/\/agora.xtec.cat\/ceip-torre-llauder-mataro\/wp-json\/wp\/v2\/posts"}],"about":[{"href":"https:\/\/agora.xtec.cat\/ceip-torre-llauder-mataro\/wp-json\/wp\/v2\/types\/post"}],"author":[{"embeddable":true,"href":"https:\/\/agora.xtec.cat\/ceip-torre-llauder-mataro\/wp-json\/wp\/v2\/users\/21"}],"replies":[{"embeddable":true,"href":"https:\/\/agora.xtec.cat\/ceip-torre-llauder-mataro\/wp-json\/wp\/v2\/comments?post=2345"}],"version-history":[{"count":1,"href":"https:\/\/agora.xtec.cat\/ceip-torre-llauder-mataro\/wp-json\/wp\/v2\/posts\/2345\/revisions"}],"predecessor-version":[{"id":2346,"href":"https:\/\/agora.xtec.cat\/ceip-torre-llauder-mataro\/wp-json\/wp\/v2\/posts\/2345\/revisions\/2346"}],"wp:attachment":[{"href":"https:\/\/agora.xtec.cat\/ceip-torre-llauder-mataro\/wp-json\/wp\/v2\/media?parent=2345"}],"wp:term":[{"taxonomy":"category","embeddable":true,"href":"https:\/\/agora.xtec.cat\/ceip-torre-llauder-mataro\/wp-json\/wp\/v2\/categories?post=2345"},{"taxonomy":"post_tag","embeddable":true,"href":"https:\/\/agora.xtec.cat\/ceip-torre-llauder-mataro\/wp-json\/wp\/v2\/tags?post=2345"}],"curies":[{"name":"wp","href":"https:\/\/api.w.org\/{rel}","templated":true}]}}