{"id":2322,"date":"2019-05-10T16:11:52","date_gmt":"2019-05-10T14:11:52","guid":{"rendered":"http:\/\/agora.xtec.cat\/ceip-torre-llauder-mataro\/?p=2322"},"modified":"2019-05-10T16:11:52","modified_gmt":"2019-05-10T14:11:52","slug":"sorra-magica","status":"publish","type":"post","link":"https:\/\/agora.xtec.cat\/ceip-torre-llauder-mataro\/infantil\/sorra-magica\/","title":{"rendered":"Sorra m\u00e0gica"},"content":{"rendered":"<p>&nbsp;<\/p>\n<p>Hola fam\u00edlies!<\/p>\n<p>Avui els nens i nenes de P3 han fet sorra m\u00e0gica! Segur que han arribat molts contents i us han explicat com es fa&#8230;doncs \u00e9s molt f\u00e0cil, si us atreviu nom\u00e9s necessiteu farina i oli de massatge (nosaltres hem posat el johnsons). A continuaci\u00f3 podeu veure les fotos i un petit v\u00eddeo on surten ben engrescats!<\/p>\n<p><a href=\"https:\/\/photos.app.goo.gl\/wWfEmyKckbuVNqU66\">Fotos sorra m\u00e0gica<\/a><\/p>\n","protected":false},"excerpt":{"rendered":"<p>&nbsp;<br \/>\nHola fam\u00edlies!<br \/>\nAvui els nens i nenes de P3 han fet sorra m\u00e0gica! Segur que han arribat molts contents i us han explicat com es fa&#8230;doncs \u00e9s molt f\u00e0cil, si us atreviu nom\u00e9s necessiteu farina i oli de massatge (nosaltres hem posat el johnsons). A continuaci\u00f3&hellip;  <a href=\"https:\/\/agora.xtec.cat\/ceip-torre-llauder-mataro\/infantil\/sorra-magica\/\" title=\"Read Sorra m\u00e0gica\">Llegeix m\u00e9s\u00bb<\/a><\/p>\n","protected":false},"author":10,"featured_media":0,"comment_status":"open","ping_status":"closed","sticky":false,"template":"","format":"standard","meta":{"_bbp_topic_count":0,"_bbp_reply_count":0,"_bbp_total_topic_count":0,"_bbp_total_reply_count":0,"_bbp_voice_count":0,"_bbp_anonymous_reply_count":0,"_bbp_topic_count_hidden":0,"_bbp_reply_count_hidden":0,"_bbp_forum_subforum_count":0,"footnotes":""},"categories":[83,2],"tags":[],"class_list":["post-2322","post","type-post","status-publish","format-standard","hentry","category-i3","category-infantil"],"post_mailing_queue_ids":[],"_links":{"self":[{"href":"https:\/\/agora.xtec.cat\/ceip-torre-llauder-mataro\/wp-json\/wp\/v2\/posts\/2322","targetHints":{"allow":["GET"]}}],"collection":[{"href":"https:\/\/agora.xtec.cat\/ceip-torre-llauder-mataro\/wp-json\/wp\/v2\/posts"}],"about":[{"href":"https:\/\/agora.xtec.cat\/ceip-torre-llauder-mataro\/wp-json\/wp\/v2\/types\/post"}],"author":[{"embeddable":true,"href":"https:\/\/agora.xtec.cat\/ceip-torre-llauder-mataro\/wp-json\/wp\/v2\/users\/10"}],"replies":[{"embeddable":true,"href":"https:\/\/agora.xtec.cat\/ceip-torre-llauder-mataro\/wp-json\/wp\/v2\/comments?post=2322"}],"version-history":[{"count":1,"href":"https:\/\/agora.xtec.cat\/ceip-torre-llauder-mataro\/wp-json\/wp\/v2\/posts\/2322\/revisions"}],"predecessor-version":[{"id":2324,"href":"https:\/\/agora.xtec.cat\/ceip-torre-llauder-mataro\/wp-json\/wp\/v2\/posts\/2322\/revisions\/2324"}],"wp:attachment":[{"href":"https:\/\/agora.xtec.cat\/ceip-torre-llauder-mataro\/wp-json\/wp\/v2\/media?parent=2322"}],"wp:term":[{"taxonomy":"category","embeddable":true,"href":"https:\/\/agora.xtec.cat\/ceip-torre-llauder-mataro\/wp-json\/wp\/v2\/categories?post=2322"},{"taxonomy":"post_tag","embeddable":true,"href":"https:\/\/agora.xtec.cat\/ceip-torre-llauder-mataro\/wp-json\/wp\/v2\/tags?post=2322"}],"curies":[{"name":"wp","href":"https:\/\/api.w.org\/{rel}","templated":true}]}}