{"id":2317,"date":"2019-05-08T13:32:31","date_gmt":"2019-05-08T11:32:31","guid":{"rendered":"http:\/\/agora.xtec.cat\/ceip-torre-llauder-mataro\/?p=2317"},"modified":"2019-05-08T13:32:31","modified_gmt":"2019-05-08T11:32:31","slug":"sardamat","status":"publish","type":"post","link":"https:\/\/agora.xtec.cat\/ceip-torre-llauder-mataro\/general\/sardamat\/","title":{"rendered":"SardaMAT"},"content":{"rendered":"<p>Dissabte passat va tenir lloc la ballada final del projecte <a href=\"https:\/\/sites.google.com\/a\/xtec.cat\/se-mataro\/dinamica-educativa\/sardamat\" target=\"_blank\" rel=\"noopener\">SardaMAT<\/a>, en el qual han participat els alumnes de 4t. Aquest any han vingut a la ballada tamb\u00e9 un grup d&#8217;experts de 5\u00e8 i 6\u00e8. El divendres anterior, tots els alumnes de 4t, 5\u00e8 i 6\u00e8 vam fer una mostra de sardanes al pati de l&#8217;escola.<\/p>\n<p>El dia de la ballada ens vam trobar al Parc Central, juntament amb alumnes de les escoles Balmes, GEM, Germanes Bertomeu, Mare de D\u00e9u de Lourdes i Escola Pia Santa Anna. Per colles vam anar entrant a pla\u00e7a amb el Galop de SardaTIC. Un cop formades totes les rotllanes, vam ballar la sardana &#8220;Un drac ben panxo&#8221;, de Maria Merc\u00e8 Navarro.<\/p>\n<p>En acabar de ballar, els membres de la Federaci\u00f3 d&#8217;Entitats Sardanistes i Dansa Tradicional Catalana de Matar\u00f3 ens van repartir una medalla com a record d&#8217;aquest acte. Finalment vam berenar tots junts gr\u00e0cies als supermercats Consum.<\/p>\n<p><a href=\"https:\/\/photos.app.goo.gl\/wFAz2b3GKbBYGshv9\" target=\"_blank\" rel=\"noopener\">Podeu veure aqu\u00ed el v\u00eddeo i les fotos de l\u00f1a mostra i de la ballada final.<\/a><\/p>\n<p>&nbsp;<\/p>\n","protected":false},"excerpt":{"rendered":"<p>Dissabte passat va tenir lloc la ballada final del projecte <a href=\"https:\/\/sites.google.com\/a\/xtec.cat\/se-mataro\/dinamica-educativa\/sardamat\" target=\"_blank\" rel=\"noopener\">SardaMAT<\/a>, en el qual han participat els alumnes de 4t. Aquest any han vingut a la ballada tamb\u00e9 un grup d&#8217;experts de 5\u00e8 i 6\u00e8. El divendres anterior, tots els alumnes de&hellip;  <a href=\"https:\/\/agora.xtec.cat\/ceip-torre-llauder-mataro\/general\/sardamat\/\" title=\"Read SardaMAT\">Llegeix m\u00e9s\u00bb<\/a><\/p>\n","protected":false},"author":1,"featured_media":0,"comment_status":"open","ping_status":"closed","sticky":false,"template":"","format":"standard","meta":{"_bbp_topic_count":0,"_bbp_reply_count":0,"_bbp_total_topic_count":0,"_bbp_total_reply_count":0,"_bbp_voice_count":0,"_bbp_anonymous_reply_count":0,"_bbp_topic_count_hidden":0,"_bbp_reply_count_hidden":0,"_bbp_forum_subforum_count":0,"footnotes":""},"categories":[12,1,4],"tags":[78],"class_list":["post-2317","post","type-post","status-publish","format-standard","hentry","category-4t","category-general","category-portada","tag-sardamat"],"post_mailing_queue_ids":[],"_links":{"self":[{"href":"https:\/\/agora.xtec.cat\/ceip-torre-llauder-mataro\/wp-json\/wp\/v2\/posts\/2317","targetHints":{"allow":["GET"]}}],"collection":[{"href":"https:\/\/agora.xtec.cat\/ceip-torre-llauder-mataro\/wp-json\/wp\/v2\/posts"}],"about":[{"href":"https:\/\/agora.xtec.cat\/ceip-torre-llauder-mataro\/wp-json\/wp\/v2\/types\/post"}],"author":[{"embeddable":true,"href":"https:\/\/agora.xtec.cat\/ceip-torre-llauder-mataro\/wp-json\/wp\/v2\/users\/1"}],"replies":[{"embeddable":true,"href":"https:\/\/agora.xtec.cat\/ceip-torre-llauder-mataro\/wp-json\/wp\/v2\/comments?post=2317"}],"version-history":[{"count":1,"href":"https:\/\/agora.xtec.cat\/ceip-torre-llauder-mataro\/wp-json\/wp\/v2\/posts\/2317\/revisions"}],"predecessor-version":[{"id":2318,"href":"https:\/\/agora.xtec.cat\/ceip-torre-llauder-mataro\/wp-json\/wp\/v2\/posts\/2317\/revisions\/2318"}],"wp:attachment":[{"href":"https:\/\/agora.xtec.cat\/ceip-torre-llauder-mataro\/wp-json\/wp\/v2\/media?parent=2317"}],"wp:term":[{"taxonomy":"category","embeddable":true,"href":"https:\/\/agora.xtec.cat\/ceip-torre-llauder-mataro\/wp-json\/wp\/v2\/categories?post=2317"},{"taxonomy":"post_tag","embeddable":true,"href":"https:\/\/agora.xtec.cat\/ceip-torre-llauder-mataro\/wp-json\/wp\/v2\/tags?post=2317"}],"curies":[{"name":"wp","href":"https:\/\/api.w.org\/{rel}","templated":true}]}}