{"id":2314,"date":"2019-05-03T15:22:04","date_gmt":"2019-05-03T13:22:04","guid":{"rendered":"http:\/\/agora.xtec.cat\/ceip-torre-llauder-mataro\/?p=2314"},"modified":"2019-05-03T15:22:37","modified_gmt":"2019-05-03T13:22:37","slug":"plantem-mill-p3","status":"publish","type":"post","link":"https:\/\/agora.xtec.cat\/ceip-torre-llauder-mataro\/infantil\/plantem-mill-p3\/","title":{"rendered":"Plantem mill P3"},"content":{"rendered":"<p>Avui a experimentaci\u00f3 hem plantat mill. La Merc\u00e8 ens ha ensenyat el proc\u00e9s de com plantar i tot el qu\u00e8 necessitem&#8230;<\/p>\n<p>Apart hem dibuixat una cara en el pot de iogurt i d&#8221;aqui uns dies quan hagi crescut veureu que divertit quedar\u00e0!!<\/p>\n<p><a href=\"https:\/\/photos.app.goo.gl\/CBc2aCtC4DvPgmA69\">Fotos mill<\/a><\/p>\n","protected":false},"excerpt":{"rendered":"<p>Avui a experimentaci\u00f3 hem plantat mill. La Merc\u00e8 ens ha ensenyat el proc\u00e9s de com plantar i tot el qu\u00e8 necessitem&#8230;<br \/>\nApart hem dibuixat una cara en el pot de iogurt i d&#8221;aqui uns dies quan hagi crescut veureu que divertit quedar\u00e0!!<br \/>\n<a href=\"https:\/\/photos.app.goo.gl\/CBc2aCtC4DvPgmA69\">Fotos mill<\/a><\/p>\n","protected":false},"author":10,"featured_media":0,"comment_status":"open","ping_status":"closed","sticky":false,"template":"","format":"standard","meta":{"_bbp_topic_count":0,"_bbp_reply_count":0,"_bbp_total_topic_count":0,"_bbp_total_reply_count":0,"_bbp_voice_count":0,"_bbp_anonymous_reply_count":0,"_bbp_topic_count_hidden":0,"_bbp_reply_count_hidden":0,"_bbp_forum_subforum_count":0,"footnotes":""},"categories":[83,2],"tags":[],"class_list":["post-2314","post","type-post","status-publish","format-standard","hentry","category-i3","category-infantil"],"post_mailing_queue_ids":[],"_links":{"self":[{"href":"https:\/\/agora.xtec.cat\/ceip-torre-llauder-mataro\/wp-json\/wp\/v2\/posts\/2314","targetHints":{"allow":["GET"]}}],"collection":[{"href":"https:\/\/agora.xtec.cat\/ceip-torre-llauder-mataro\/wp-json\/wp\/v2\/posts"}],"about":[{"href":"https:\/\/agora.xtec.cat\/ceip-torre-llauder-mataro\/wp-json\/wp\/v2\/types\/post"}],"author":[{"embeddable":true,"href":"https:\/\/agora.xtec.cat\/ceip-torre-llauder-mataro\/wp-json\/wp\/v2\/users\/10"}],"replies":[{"embeddable":true,"href":"https:\/\/agora.xtec.cat\/ceip-torre-llauder-mataro\/wp-json\/wp\/v2\/comments?post=2314"}],"version-history":[{"count":2,"href":"https:\/\/agora.xtec.cat\/ceip-torre-llauder-mataro\/wp-json\/wp\/v2\/posts\/2314\/revisions"}],"predecessor-version":[{"id":2316,"href":"https:\/\/agora.xtec.cat\/ceip-torre-llauder-mataro\/wp-json\/wp\/v2\/posts\/2314\/revisions\/2316"}],"wp:attachment":[{"href":"https:\/\/agora.xtec.cat\/ceip-torre-llauder-mataro\/wp-json\/wp\/v2\/media?parent=2314"}],"wp:term":[{"taxonomy":"category","embeddable":true,"href":"https:\/\/agora.xtec.cat\/ceip-torre-llauder-mataro\/wp-json\/wp\/v2\/categories?post=2314"},{"taxonomy":"post_tag","embeddable":true,"href":"https:\/\/agora.xtec.cat\/ceip-torre-llauder-mataro\/wp-json\/wp\/v2\/tags?post=2314"}],"curies":[{"name":"wp","href":"https:\/\/api.w.org\/{rel}","templated":true}]}}