{"id":2307,"date":"2019-04-25T19:54:02","date_gmt":"2019-04-25T17:54:02","guid":{"rendered":"http:\/\/agora.xtec.cat\/ceip-torre-llauder-mataro\/?p=2307"},"modified":"2019-04-25T19:54:02","modified_gmt":"2019-04-25T17:54:02","slug":"p3-i-els-nombres","status":"publish","type":"post","link":"https:\/\/agora.xtec.cat\/ceip-torre-llauder-mataro\/infantil\/p3-i-els-nombres\/","title":{"rendered":"P3 i els NOMBRES"},"content":{"rendered":"<p>Seguim treballant els nombres a les sessions de desdoblament, avui els podiem identificar, relacionar amb la seva quantitat, resseguir-los amb farina. Tamb\u00e9 endre\u00e7ar-los i jugar amb ells. Resseguir-los amb retolador per practicar la seva grafia i fins i tot fer s\u00e8ries.<\/p>\n<p><a href=\"https:\/\/photos.app.goo.gl\/fWEG5qJRz872rtxk6\">Treball de nombres P3<\/a><\/p>\n<p>&nbsp;<\/p>\n","protected":false},"excerpt":{"rendered":"<p>Seguim treballant els nombres a les sessions de desdoblament, avui els podiem identificar, relacionar amb la seva quantitat, resseguir-los amb farina. Tamb\u00e9 endre\u00e7ar-los i jugar amb ells. Resseguir-los amb retolador per practicar la seva grafia i fins i tot fer s\u00e8ries.<br \/>\n<a href=\"https:\/\/photos.app.goo.gl\/fWEG5qJRz872rtxk6\">Treball de nombres P3<\/a><br \/>\n&nbsp;<\/p>\n","protected":false},"author":21,"featured_media":0,"comment_status":"open","ping_status":"closed","sticky":false,"template":"","format":"standard","meta":{"_bbp_topic_count":0,"_bbp_reply_count":0,"_bbp_total_topic_count":0,"_bbp_total_reply_count":0,"_bbp_voice_count":0,"_bbp_anonymous_reply_count":0,"_bbp_topic_count_hidden":0,"_bbp_reply_count_hidden":0,"_bbp_forum_subforum_count":0,"footnotes":""},"categories":[83,2],"tags":[],"class_list":["post-2307","post","type-post","status-publish","format-standard","hentry","category-i3","category-infantil"],"post_mailing_queue_ids":[],"_links":{"self":[{"href":"https:\/\/agora.xtec.cat\/ceip-torre-llauder-mataro\/wp-json\/wp\/v2\/posts\/2307","targetHints":{"allow":["GET"]}}],"collection":[{"href":"https:\/\/agora.xtec.cat\/ceip-torre-llauder-mataro\/wp-json\/wp\/v2\/posts"}],"about":[{"href":"https:\/\/agora.xtec.cat\/ceip-torre-llauder-mataro\/wp-json\/wp\/v2\/types\/post"}],"author":[{"embeddable":true,"href":"https:\/\/agora.xtec.cat\/ceip-torre-llauder-mataro\/wp-json\/wp\/v2\/users\/21"}],"replies":[{"embeddable":true,"href":"https:\/\/agora.xtec.cat\/ceip-torre-llauder-mataro\/wp-json\/wp\/v2\/comments?post=2307"}],"version-history":[{"count":1,"href":"https:\/\/agora.xtec.cat\/ceip-torre-llauder-mataro\/wp-json\/wp\/v2\/posts\/2307\/revisions"}],"predecessor-version":[{"id":2308,"href":"https:\/\/agora.xtec.cat\/ceip-torre-llauder-mataro\/wp-json\/wp\/v2\/posts\/2307\/revisions\/2308"}],"wp:attachment":[{"href":"https:\/\/agora.xtec.cat\/ceip-torre-llauder-mataro\/wp-json\/wp\/v2\/media?parent=2307"}],"wp:term":[{"taxonomy":"category","embeddable":true,"href":"https:\/\/agora.xtec.cat\/ceip-torre-llauder-mataro\/wp-json\/wp\/v2\/categories?post=2307"},{"taxonomy":"post_tag","embeddable":true,"href":"https:\/\/agora.xtec.cat\/ceip-torre-llauder-mataro\/wp-json\/wp\/v2\/tags?post=2307"}],"curies":[{"name":"wp","href":"https:\/\/api.w.org\/{rel}","templated":true}]}}