{"id":2285,"date":"2019-03-31T16:43:31","date_gmt":"2019-03-31T14:43:31","guid":{"rendered":"http:\/\/agora.xtec.cat\/ceip-torre-llauder-mataro\/?p=2285"},"modified":"2019-03-31T16:43:31","modified_gmt":"2019-03-31T14:43:31","slug":"els-alumnes-de-5e-anem-a-can-fugarolas","status":"publish","type":"post","link":"https:\/\/agora.xtec.cat\/ceip-torre-llauder-mataro\/general\/els-alumnes-de-5e-anem-a-can-fugarolas\/","title":{"rendered":"Els alumnes de 5\u00e8 anem a Can Fugarolas!"},"content":{"rendered":"<p>El passat 18 de mar\u00e7 els alumnes de 5\u00e8 vam anar a Can Fugarolas a fer un tastet de circ. Vam poder pujar a dalt del trapezi, saltar al llit el\u00e0stic, fer malabars i equilibris amb pilotes gegants.<\/p>\n<p>Si voleu veure les fotos clicequ <strong><a href=\"https:\/\/photos.app.goo.gl\/sNRSgOgNwBxJPrfB2\">AQU\u00cd\u00a0<\/a><\/strong><\/p>\n","protected":false},"excerpt":{"rendered":"<p>El passat 18 de mar\u00e7 els alumnes de 5\u00e8 vam anar a Can Fugarolas a fer un tastet de circ. Vam poder pujar a dalt del trapezi, saltar al llit el\u00e0stic, fer malabars i equilibris amb pilotes gegants.<br \/>\nSi voleu veure les fotos clicequ <a href=\"https:\/\/photos.app.goo.gl\/sNRSgOgNwBxJPrfB2\">AQU\u00cd\u00a0<\/a><\/p>\n","protected":false},"author":1,"featured_media":0,"comment_status":"open","ping_status":"closed","sticky":false,"template":"","format":"standard","meta":{"_bbp_topic_count":0,"_bbp_reply_count":0,"_bbp_total_topic_count":0,"_bbp_total_reply_count":0,"_bbp_voice_count":0,"_bbp_anonymous_reply_count":0,"_bbp_topic_count_hidden":0,"_bbp_reply_count_hidden":0,"_bbp_forum_subforum_count":0,"footnotes":""},"categories":[13,1,5],"tags":[],"class_list":["post-2285","post","type-post","status-publish","format-standard","hentry","category-5e","category-general","category-primaria"],"post_mailing_queue_ids":[],"_links":{"self":[{"href":"https:\/\/agora.xtec.cat\/ceip-torre-llauder-mataro\/wp-json\/wp\/v2\/posts\/2285","targetHints":{"allow":["GET"]}}],"collection":[{"href":"https:\/\/agora.xtec.cat\/ceip-torre-llauder-mataro\/wp-json\/wp\/v2\/posts"}],"about":[{"href":"https:\/\/agora.xtec.cat\/ceip-torre-llauder-mataro\/wp-json\/wp\/v2\/types\/post"}],"author":[{"embeddable":true,"href":"https:\/\/agora.xtec.cat\/ceip-torre-llauder-mataro\/wp-json\/wp\/v2\/users\/1"}],"replies":[{"embeddable":true,"href":"https:\/\/agora.xtec.cat\/ceip-torre-llauder-mataro\/wp-json\/wp\/v2\/comments?post=2285"}],"version-history":[{"count":1,"href":"https:\/\/agora.xtec.cat\/ceip-torre-llauder-mataro\/wp-json\/wp\/v2\/posts\/2285\/revisions"}],"predecessor-version":[{"id":2286,"href":"https:\/\/agora.xtec.cat\/ceip-torre-llauder-mataro\/wp-json\/wp\/v2\/posts\/2285\/revisions\/2286"}],"wp:attachment":[{"href":"https:\/\/agora.xtec.cat\/ceip-torre-llauder-mataro\/wp-json\/wp\/v2\/media?parent=2285"}],"wp:term":[{"taxonomy":"category","embeddable":true,"href":"https:\/\/agora.xtec.cat\/ceip-torre-llauder-mataro\/wp-json\/wp\/v2\/categories?post=2285"},{"taxonomy":"post_tag","embeddable":true,"href":"https:\/\/agora.xtec.cat\/ceip-torre-llauder-mataro\/wp-json\/wp\/v2\/tags?post=2285"}],"curies":[{"name":"wp","href":"https:\/\/api.w.org\/{rel}","templated":true}]}}