{"id":2272,"date":"2019-03-27T11:13:49","date_gmt":"2019-03-27T10:13:49","guid":{"rendered":"http:\/\/agora.xtec.cat\/ceip-torre-llauder-mataro\/?p=2272"},"modified":"2019-03-27T11:13:49","modified_gmt":"2019-03-27T10:13:49","slug":"ledat-moderna-a-6e","status":"publish","type":"post","link":"https:\/\/agora.xtec.cat\/ceip-torre-llauder-mataro\/general\/ledat-moderna-a-6e\/","title":{"rendered":"L&#8217;Edat Moderna a 6\u00e8"},"content":{"rendered":"<p>A 6\u00e8 hem estat treballant l&#8217;Edat Moderna en grups cooperatius. Hem investigat i hem descobert molts aspectes d&#8217;aquesta \u00e8poca a partir d&#8217;una pregunta: &#8220;L&#8217;edat moderna \u00e9s la m\u00e9s moderna de totes?&#8221;<\/p>\n<p><a href=\"https:\/\/photos.app.goo.gl\/7TV8E2yif94ASkeS8\" target=\"_blank\" rel=\"noopener\">Podeu veure aqu\u00ed algunes fotos<\/a><\/p>\n","protected":false},"excerpt":{"rendered":"<p>A 6\u00e8 hem estat treballant l&#8217;Edat Moderna en grups cooperatius. Hem investigat i hem descobert molts aspectes d&#8217;aquesta \u00e8poca a partir d&#8217;una pregunta: &#8220;L&#8217;edat moderna \u00e9s la m\u00e9s moderna de totes?&#8221;<br \/>\n<a href=\"https:\/\/photos.app.goo.gl\/7TV8E2yif94ASkeS8\" target=\"_blank\" rel=\"noopener\">Podeu veure aqu\u00ed algunes fotos<\/a><\/p>\n","protected":false},"author":1,"featured_media":0,"comment_status":"open","ping_status":"closed","sticky":false,"template":"","format":"standard","meta":{"_bbp_topic_count":0,"_bbp_reply_count":0,"_bbp_total_topic_count":0,"_bbp_total_reply_count":0,"_bbp_voice_count":0,"_bbp_anonymous_reply_count":0,"_bbp_topic_count_hidden":0,"_bbp_reply_count_hidden":0,"_bbp_forum_subforum_count":0,"footnotes":""},"categories":[14,1,4],"tags":[87,86],"class_list":["post-2272","post","type-post","status-publish","format-standard","hentry","category-6e","category-general","category-portada","tag-projecte","tag-treball-cooperatiu"],"post_mailing_queue_ids":[],"_links":{"self":[{"href":"https:\/\/agora.xtec.cat\/ceip-torre-llauder-mataro\/wp-json\/wp\/v2\/posts\/2272","targetHints":{"allow":["GET"]}}],"collection":[{"href":"https:\/\/agora.xtec.cat\/ceip-torre-llauder-mataro\/wp-json\/wp\/v2\/posts"}],"about":[{"href":"https:\/\/agora.xtec.cat\/ceip-torre-llauder-mataro\/wp-json\/wp\/v2\/types\/post"}],"author":[{"embeddable":true,"href":"https:\/\/agora.xtec.cat\/ceip-torre-llauder-mataro\/wp-json\/wp\/v2\/users\/1"}],"replies":[{"embeddable":true,"href":"https:\/\/agora.xtec.cat\/ceip-torre-llauder-mataro\/wp-json\/wp\/v2\/comments?post=2272"}],"version-history":[{"count":1,"href":"https:\/\/agora.xtec.cat\/ceip-torre-llauder-mataro\/wp-json\/wp\/v2\/posts\/2272\/revisions"}],"predecessor-version":[{"id":2273,"href":"https:\/\/agora.xtec.cat\/ceip-torre-llauder-mataro\/wp-json\/wp\/v2\/posts\/2272\/revisions\/2273"}],"wp:attachment":[{"href":"https:\/\/agora.xtec.cat\/ceip-torre-llauder-mataro\/wp-json\/wp\/v2\/media?parent=2272"}],"wp:term":[{"taxonomy":"category","embeddable":true,"href":"https:\/\/agora.xtec.cat\/ceip-torre-llauder-mataro\/wp-json\/wp\/v2\/categories?post=2272"},{"taxonomy":"post_tag","embeddable":true,"href":"https:\/\/agora.xtec.cat\/ceip-torre-llauder-mataro\/wp-json\/wp\/v2\/tags?post=2272"}],"curies":[{"name":"wp","href":"https:\/\/api.w.org\/{rel}","templated":true}]}}