{"id":2267,"date":"2019-03-27T11:12:43","date_gmt":"2019-03-27T10:12:43","guid":{"rendered":"http:\/\/agora.xtec.cat\/ceip-torre-llauder-mataro\/?p=2267"},"modified":"2023-04-13T09:58:49","modified_gmt":"2023-04-13T07:58:49","slug":"escalada-6e","status":"publish","type":"post","link":"https:\/\/agora.xtec.cat\/ceip-torre-llauder-mataro\/general\/escalada-6e\/","title":{"rendered":"Escalada 6\u00e8"},"content":{"rendered":"<p>Dimecres 13 de mar\u00e7 els alumnes de 6\u00e8 vam anar a fer una activitat d&#8217;escalada al &#8220;B\u00falder Planet&#8221; de Matar\u00f3.<\/p>\n<p><a href=\"https:\/\/photos.app.goo.gl\/JG3wgaF8hKWz4w4F9\" target=\"_blank\" rel=\"noopener\">Podeu veure aqu\u00ed algunes fotos<\/a><\/p>\n","protected":false},"excerpt":{"rendered":"<p>Dimecres 13 de mar\u00e7 els alumnes de 6\u00e8 vam anar a fer una activitat d&#8217;escalada al &#8220;B\u00falder Planet&#8221; de Matar\u00f3.<br \/>\n<a href=\"https:\/\/photos.app.goo.gl\/JG3wgaF8hKWz4w4F9\" target=\"_blank\" rel=\"noopener\">Podeu veure aqu\u00ed algunes fotos<\/a><\/p>\n","protected":false},"author":1,"featured_media":0,"comment_status":"open","ping_status":"closed","sticky":false,"template":"","format":"standard","meta":{"_bbp_topic_count":0,"_bbp_reply_count":0,"_bbp_total_topic_count":0,"_bbp_total_reply_count":0,"_bbp_voice_count":0,"_bbp_anonymous_reply_count":0,"_bbp_topic_count_hidden":0,"_bbp_reply_count_hidden":0,"_bbp_forum_subforum_count":0,"footnotes":""},"categories":[14,1,4],"tags":[92,85],"class_list":["post-2267","post","type-post","status-publish","format-standard","hentry","category-6e","category-general","category-portada","tag-educacio-fisica","tag-escalada"],"post_mailing_queue_ids":[],"_links":{"self":[{"href":"https:\/\/agora.xtec.cat\/ceip-torre-llauder-mataro\/wp-json\/wp\/v2\/posts\/2267","targetHints":{"allow":["GET"]}}],"collection":[{"href":"https:\/\/agora.xtec.cat\/ceip-torre-llauder-mataro\/wp-json\/wp\/v2\/posts"}],"about":[{"href":"https:\/\/agora.xtec.cat\/ceip-torre-llauder-mataro\/wp-json\/wp\/v2\/types\/post"}],"author":[{"embeddable":true,"href":"https:\/\/agora.xtec.cat\/ceip-torre-llauder-mataro\/wp-json\/wp\/v2\/users\/1"}],"replies":[{"embeddable":true,"href":"https:\/\/agora.xtec.cat\/ceip-torre-llauder-mataro\/wp-json\/wp\/v2\/comments?post=2267"}],"version-history":[{"count":1,"href":"https:\/\/agora.xtec.cat\/ceip-torre-llauder-mataro\/wp-json\/wp\/v2\/posts\/2267\/revisions"}],"predecessor-version":[{"id":2268,"href":"https:\/\/agora.xtec.cat\/ceip-torre-llauder-mataro\/wp-json\/wp\/v2\/posts\/2267\/revisions\/2268"}],"wp:attachment":[{"href":"https:\/\/agora.xtec.cat\/ceip-torre-llauder-mataro\/wp-json\/wp\/v2\/media?parent=2267"}],"wp:term":[{"taxonomy":"category","embeddable":true,"href":"https:\/\/agora.xtec.cat\/ceip-torre-llauder-mataro\/wp-json\/wp\/v2\/categories?post=2267"},{"taxonomy":"post_tag","embeddable":true,"href":"https:\/\/agora.xtec.cat\/ceip-torre-llauder-mataro\/wp-json\/wp\/v2\/tags?post=2267"}],"curies":[{"name":"wp","href":"https:\/\/api.w.org\/{rel}","templated":true}]}}