{"id":2264,"date":"2019-03-22T23:27:34","date_gmt":"2019-03-22T22:27:34","guid":{"rendered":"http:\/\/agora.xtec.cat\/ceip-torre-llauder-mataro\/?p=2264"},"modified":"2019-03-22T23:27:34","modified_gmt":"2019-03-22T22:27:34","slug":"treball-cooperatiu","status":"publish","type":"post","link":"https:\/\/agora.xtec.cat\/ceip-torre-llauder-mataro\/infantil\/treball-cooperatiu\/","title":{"rendered":"Treball cooperatiu"},"content":{"rendered":"<p>A P5, una altra de les din\u00e0miques que hem fet en treball cooperatiu, ha sigut fer una composici\u00f3 pl\u00e0stica.<\/p>\n<p>Cada un dels membres de cada equip t\u00e9 una tasca asignada: el portaveu, el coordinador, el secretari i l&#8217;encarregat de material. Han sortit unes composicions molt maques que podeu veure a les parets del nostre vestibul.<\/p>\n<p><a href=\"https:\/\/photos.app.goo.gl\/ovoRZDRzrG3sayAu8\">S\u00f3n uns artistes!\u00a0<\/a><\/p>\n","protected":false},"excerpt":{"rendered":"<p>A P5, una altra de les din\u00e0miques que hem fet en treball cooperatiu, ha sigut fer una composici\u00f3 pl\u00e0stica.<br \/>\nCada un dels membres de cada equip t\u00e9 una tasca asignada: el portaveu, el coordinador, el secretari i l&#8217;encarregat de material. Han sortit unes composicions molt maques&hellip;  <a href=\"https:\/\/agora.xtec.cat\/ceip-torre-llauder-mataro\/infantil\/treball-cooperatiu\/\" title=\"Read Treball cooperatiu\">Llegeix m\u00e9s\u00bb<\/a><\/p>\n","protected":false},"author":7,"featured_media":0,"comment_status":"open","ping_status":"closed","sticky":false,"template":"","format":"standard","meta":{"_bbp_topic_count":0,"_bbp_reply_count":0,"_bbp_total_topic_count":0,"_bbp_total_reply_count":0,"_bbp_voice_count":0,"_bbp_anonymous_reply_count":0,"_bbp_topic_count_hidden":0,"_bbp_reply_count_hidden":0,"_bbp_forum_subforum_count":0,"footnotes":""},"categories":[8,2],"tags":[],"class_list":["post-2264","post","type-post","status-publish","format-standard","hentry","category-i5","category-infantil"],"post_mailing_queue_ids":[],"_links":{"self":[{"href":"https:\/\/agora.xtec.cat\/ceip-torre-llauder-mataro\/wp-json\/wp\/v2\/posts\/2264","targetHints":{"allow":["GET"]}}],"collection":[{"href":"https:\/\/agora.xtec.cat\/ceip-torre-llauder-mataro\/wp-json\/wp\/v2\/posts"}],"about":[{"href":"https:\/\/agora.xtec.cat\/ceip-torre-llauder-mataro\/wp-json\/wp\/v2\/types\/post"}],"author":[{"embeddable":true,"href":"https:\/\/agora.xtec.cat\/ceip-torre-llauder-mataro\/wp-json\/wp\/v2\/users\/7"}],"replies":[{"embeddable":true,"href":"https:\/\/agora.xtec.cat\/ceip-torre-llauder-mataro\/wp-json\/wp\/v2\/comments?post=2264"}],"version-history":[{"count":1,"href":"https:\/\/agora.xtec.cat\/ceip-torre-llauder-mataro\/wp-json\/wp\/v2\/posts\/2264\/revisions"}],"predecessor-version":[{"id":2265,"href":"https:\/\/agora.xtec.cat\/ceip-torre-llauder-mataro\/wp-json\/wp\/v2\/posts\/2264\/revisions\/2265"}],"wp:attachment":[{"href":"https:\/\/agora.xtec.cat\/ceip-torre-llauder-mataro\/wp-json\/wp\/v2\/media?parent=2264"}],"wp:term":[{"taxonomy":"category","embeddable":true,"href":"https:\/\/agora.xtec.cat\/ceip-torre-llauder-mataro\/wp-json\/wp\/v2\/categories?post=2264"},{"taxonomy":"post_tag","embeddable":true,"href":"https:\/\/agora.xtec.cat\/ceip-torre-llauder-mataro\/wp-json\/wp\/v2\/tags?post=2264"}],"curies":[{"name":"wp","href":"https:\/\/api.w.org\/{rel}","templated":true}]}}