{"id":2260,"date":"2019-03-22T20:57:18","date_gmt":"2019-03-22T19:57:18","guid":{"rendered":"http:\/\/agora.xtec.cat\/ceip-torre-llauder-mataro\/?p=2260"},"modified":"2019-03-22T23:30:20","modified_gmt":"2019-03-22T22:30:20","slug":"el-sentit-de-lolfacte","status":"publish","type":"post","link":"https:\/\/agora.xtec.cat\/ceip-torre-llauder-mataro\/infantil\/el-sentit-de-lolfacte\/","title":{"rendered":"P5: El sentit de l&#8217;olfacte"},"content":{"rendered":"<p>Aquesta setmana a experimentaci\u00f3 hem utilitzat i hem apr\u00e8s coses sobre el sentit de l&#8217;olfacte.<\/p>\n<p>Per taules hem anat olorant diferents pots amb elements a dins, com: colacao, llimona, llaminadures, crispetes, plastilina, col\u00f2nia&#8230;. La majoria de nens i nenes ho han encertat tot nom\u00e9s olorant, per\u00f2 hi ha hagut algun algun element que ha costat una mica.<\/p>\n<p style=\"text-align: left;\"><a href=\"https:\/\/photos.app.goo.gl\/wWSPGM4qH1QXHPyS6\">Mireu que b\u00e9 ho han fet!<\/a><\/p>\n","protected":false},"excerpt":{"rendered":"<p>Aquesta setmana a experimentaci\u00f3 hem utilitzat i hem apr\u00e8s coses sobre el sentit de l&#8217;olfacte.<br \/>\nPer taules hem anat olorant diferents pots amb elements a dins, com: colacao, llimona, llaminadures, crispetes, plastilina, col\u00f2nia&#8230;. La majoria de nens i nenes ho han encertat tot nom\u00e9s olorant, per\u00f2&hellip;  <a href=\"https:\/\/agora.xtec.cat\/ceip-torre-llauder-mataro\/infantil\/el-sentit-de-lolfacte\/\" title=\"Read P5: El sentit de l&#8217;olfacte\">Llegeix m\u00e9s\u00bb<\/a><\/p>\n","protected":false},"author":7,"featured_media":0,"comment_status":"open","ping_status":"closed","sticky":false,"template":"","format":"standard","meta":{"_bbp_topic_count":0,"_bbp_reply_count":0,"_bbp_total_topic_count":0,"_bbp_total_reply_count":0,"_bbp_voice_count":0,"_bbp_anonymous_reply_count":0,"_bbp_topic_count_hidden":0,"_bbp_reply_count_hidden":0,"_bbp_forum_subforum_count":0,"footnotes":""},"categories":[8,2],"tags":[],"class_list":["post-2260","post","type-post","status-publish","format-standard","hentry","category-i5","category-infantil"],"post_mailing_queue_ids":[],"_links":{"self":[{"href":"https:\/\/agora.xtec.cat\/ceip-torre-llauder-mataro\/wp-json\/wp\/v2\/posts\/2260","targetHints":{"allow":["GET"]}}],"collection":[{"href":"https:\/\/agora.xtec.cat\/ceip-torre-llauder-mataro\/wp-json\/wp\/v2\/posts"}],"about":[{"href":"https:\/\/agora.xtec.cat\/ceip-torre-llauder-mataro\/wp-json\/wp\/v2\/types\/post"}],"author":[{"embeddable":true,"href":"https:\/\/agora.xtec.cat\/ceip-torre-llauder-mataro\/wp-json\/wp\/v2\/users\/7"}],"replies":[{"embeddable":true,"href":"https:\/\/agora.xtec.cat\/ceip-torre-llauder-mataro\/wp-json\/wp\/v2\/comments?post=2260"}],"version-history":[{"count":3,"href":"https:\/\/agora.xtec.cat\/ceip-torre-llauder-mataro\/wp-json\/wp\/v2\/posts\/2260\/revisions"}],"predecessor-version":[{"id":2266,"href":"https:\/\/agora.xtec.cat\/ceip-torre-llauder-mataro\/wp-json\/wp\/v2\/posts\/2260\/revisions\/2266"}],"wp:attachment":[{"href":"https:\/\/agora.xtec.cat\/ceip-torre-llauder-mataro\/wp-json\/wp\/v2\/media?parent=2260"}],"wp:term":[{"taxonomy":"category","embeddable":true,"href":"https:\/\/agora.xtec.cat\/ceip-torre-llauder-mataro\/wp-json\/wp\/v2\/categories?post=2260"},{"taxonomy":"post_tag","embeddable":true,"href":"https:\/\/agora.xtec.cat\/ceip-torre-llauder-mataro\/wp-json\/wp\/v2\/tags?post=2260"}],"curies":[{"name":"wp","href":"https:\/\/api.w.org\/{rel}","templated":true}]}}