{"id":2258,"date":"2019-03-22T14:16:08","date_gmt":"2019-03-22T13:16:08","guid":{"rendered":"http:\/\/agora.xtec.cat\/ceip-torre-llauder-mataro\/?p=2258"},"modified":"2019-03-22T22:18:57","modified_gmt":"2019-03-22T21:18:57","slug":"crispetes-a-p3-2","status":"publish","type":"post","link":"https:\/\/agora.xtec.cat\/ceip-torre-llauder-mataro\/infantil\/crispetes-a-p3-2\/","title":{"rendered":"Crispetes a P3!"},"content":{"rendered":"<p>Aquesta sessi\u00f3 d&#8217;experimentacio l&#8217;hem allargat durant 2 setmanes. La setmana passada vam con\u00e8ixer d&#8217;on surtien les crispetes, vam tocar, manipular i desgranar les panotxes. Tamb\u00e9 vam tastar el blat de moro cuinat i finalment vam fer una demostraci\u00f3 de com es fan les crispetes&#8230;.evidentment despr\u00e9s ens les vam cruspir!!<\/p>\n<p>A la sessi\u00f3 d&#8217;avui hem fer un recordatori de tot el que vam aprendre la setmana passada i finalment hem fet una manualitat amb crispetes.<\/p>\n<p>A continuaci\u00f3 posar\u00e9 2 enlla\u00e7os de les dues sessions. Cliqueu als dos enlla\u00e7os<\/p>\n<p>&nbsp;<\/p>\n<p><a href=\"https:\/\/photos.app.goo.gl\/g51Nph4MBUQiP1oFA\">Primera sessi\u00f3<\/a><\/p>\n<p><a href=\"https:\/\/photos.app.goo.gl\/oUAi67feHXU53vqCA\">Segona sessi\u00f3<\/a><\/p>\n<p>&nbsp;<\/p>\n","protected":false},"excerpt":{"rendered":"<p>Aquesta sessi\u00f3 d&#8217;experimentacio l&#8217;hem allargat durant 2 setmanes. La setmana passada vam con\u00e8ixer d&#8217;on surtien les crispetes, vam tocar, manipular i desgranar les panotxes. Tamb\u00e9 vam tastar el blat de moro cuinat i finalment vam fer una demostraci\u00f3 de com es fan les crispetes&#8230;.evidentment despr\u00e9s&hellip;  <a href=\"https:\/\/agora.xtec.cat\/ceip-torre-llauder-mataro\/infantil\/crispetes-a-p3-2\/\" title=\"Read Crispetes a P3!\">Llegeix m\u00e9s\u00bb<\/a><\/p>\n","protected":false},"author":10,"featured_media":0,"comment_status":"open","ping_status":"closed","sticky":false,"template":"","format":"standard","meta":{"_bbp_topic_count":0,"_bbp_reply_count":0,"_bbp_total_topic_count":0,"_bbp_total_reply_count":0,"_bbp_voice_count":0,"_bbp_anonymous_reply_count":0,"_bbp_topic_count_hidden":0,"_bbp_reply_count_hidden":0,"_bbp_forum_subforum_count":0,"footnotes":""},"categories":[83,2],"tags":[],"class_list":["post-2258","post","type-post","status-publish","format-standard","hentry","category-i3","category-infantil"],"post_mailing_queue_ids":[],"_links":{"self":[{"href":"https:\/\/agora.xtec.cat\/ceip-torre-llauder-mataro\/wp-json\/wp\/v2\/posts\/2258","targetHints":{"allow":["GET"]}}],"collection":[{"href":"https:\/\/agora.xtec.cat\/ceip-torre-llauder-mataro\/wp-json\/wp\/v2\/posts"}],"about":[{"href":"https:\/\/agora.xtec.cat\/ceip-torre-llauder-mataro\/wp-json\/wp\/v2\/types\/post"}],"author":[{"embeddable":true,"href":"https:\/\/agora.xtec.cat\/ceip-torre-llauder-mataro\/wp-json\/wp\/v2\/users\/10"}],"replies":[{"embeddable":true,"href":"https:\/\/agora.xtec.cat\/ceip-torre-llauder-mataro\/wp-json\/wp\/v2\/comments?post=2258"}],"version-history":[{"count":2,"href":"https:\/\/agora.xtec.cat\/ceip-torre-llauder-mataro\/wp-json\/wp\/v2\/posts\/2258\/revisions"}],"predecessor-version":[{"id":2263,"href":"https:\/\/agora.xtec.cat\/ceip-torre-llauder-mataro\/wp-json\/wp\/v2\/posts\/2258\/revisions\/2263"}],"wp:attachment":[{"href":"https:\/\/agora.xtec.cat\/ceip-torre-llauder-mataro\/wp-json\/wp\/v2\/media?parent=2258"}],"wp:term":[{"taxonomy":"category","embeddable":true,"href":"https:\/\/agora.xtec.cat\/ceip-torre-llauder-mataro\/wp-json\/wp\/v2\/categories?post=2258"},{"taxonomy":"post_tag","embeddable":true,"href":"https:\/\/agora.xtec.cat\/ceip-torre-llauder-mataro\/wp-json\/wp\/v2\/tags?post=2258"}],"curies":[{"name":"wp","href":"https:\/\/api.w.org\/{rel}","templated":true}]}}