{"id":2242,"date":"2019-03-14T21:41:17","date_gmt":"2019-03-14T20:41:17","guid":{"rendered":"http:\/\/agora.xtec.cat\/ceip-torre-llauder-mataro\/?p=2242"},"modified":"2019-03-14T21:41:17","modified_gmt":"2019-03-14T20:41:17","slug":"lletra-lligada-p5","status":"publish","type":"post","link":"https:\/\/agora.xtec.cat\/ceip-torre-llauder-mataro\/infantil\/lletra-lligada-p5\/","title":{"rendered":"Lletra lligada P5"},"content":{"rendered":"<p>Com ja sabeu, a P5, cada Dijous la Bruixa lletruda ens porta una lletra per aprendre-la a escriure en lligada.<\/p>\n<p>Cada vegada ens costa una mica m\u00e9s, perqu\u00e8 s\u00f3n una mica complicades a nivell de tra\u00e7, per\u00f2 nom\u00e9s necessitem una mica de pr\u00e0ctica. Primer pensem i endevinem amb el so la lletra que toca i despr\u00e9s fem el tra\u00e7 en un mural, a la pissarra amb el guix i a la pissarra digital, aix\u00ed com en la fitxa en paper.<\/p>\n<p>Mireu tot el que fem per aprendre el seu <a href=\"https:\/\/photos.app.goo.gl\/xWCGHfKyYekw6hXp7\">TRA\u00c7<\/a><\/p>\n","protected":false},"excerpt":{"rendered":"<p>Com ja sabeu, a P5, cada Dijous la Bruixa lletruda ens porta una lletra per aprendre-la a escriure en lligada.<br \/>\nCada vegada ens costa una mica m\u00e9s, perqu\u00e8 s\u00f3n una mica complicades a nivell de tra\u00e7, per\u00f2 nom\u00e9s necessitem una mica de pr\u00e0ctica. Primer pensem i&hellip;  <a href=\"https:\/\/agora.xtec.cat\/ceip-torre-llauder-mataro\/infantil\/lletra-lligada-p5\/\" title=\"Read Lletra lligada P5\">Llegeix m\u00e9s\u00bb<\/a><\/p>\n","protected":false},"author":7,"featured_media":0,"comment_status":"open","ping_status":"closed","sticky":false,"template":"","format":"standard","meta":{"_bbp_topic_count":0,"_bbp_reply_count":0,"_bbp_total_topic_count":0,"_bbp_total_reply_count":0,"_bbp_voice_count":0,"_bbp_anonymous_reply_count":0,"_bbp_topic_count_hidden":0,"_bbp_reply_count_hidden":0,"_bbp_forum_subforum_count":0,"footnotes":""},"categories":[8,2],"tags":[],"class_list":["post-2242","post","type-post","status-publish","format-standard","hentry","category-i5","category-infantil"],"post_mailing_queue_ids":[],"_links":{"self":[{"href":"https:\/\/agora.xtec.cat\/ceip-torre-llauder-mataro\/wp-json\/wp\/v2\/posts\/2242","targetHints":{"allow":["GET"]}}],"collection":[{"href":"https:\/\/agora.xtec.cat\/ceip-torre-llauder-mataro\/wp-json\/wp\/v2\/posts"}],"about":[{"href":"https:\/\/agora.xtec.cat\/ceip-torre-llauder-mataro\/wp-json\/wp\/v2\/types\/post"}],"author":[{"embeddable":true,"href":"https:\/\/agora.xtec.cat\/ceip-torre-llauder-mataro\/wp-json\/wp\/v2\/users\/7"}],"replies":[{"embeddable":true,"href":"https:\/\/agora.xtec.cat\/ceip-torre-llauder-mataro\/wp-json\/wp\/v2\/comments?post=2242"}],"version-history":[{"count":1,"href":"https:\/\/agora.xtec.cat\/ceip-torre-llauder-mataro\/wp-json\/wp\/v2\/posts\/2242\/revisions"}],"predecessor-version":[{"id":2243,"href":"https:\/\/agora.xtec.cat\/ceip-torre-llauder-mataro\/wp-json\/wp\/v2\/posts\/2242\/revisions\/2243"}],"wp:attachment":[{"href":"https:\/\/agora.xtec.cat\/ceip-torre-llauder-mataro\/wp-json\/wp\/v2\/media?parent=2242"}],"wp:term":[{"taxonomy":"category","embeddable":true,"href":"https:\/\/agora.xtec.cat\/ceip-torre-llauder-mataro\/wp-json\/wp\/v2\/categories?post=2242"},{"taxonomy":"post_tag","embeddable":true,"href":"https:\/\/agora.xtec.cat\/ceip-torre-llauder-mataro\/wp-json\/wp\/v2\/tags?post=2242"}],"curies":[{"name":"wp","href":"https:\/\/api.w.org\/{rel}","templated":true}]}}