{"id":2238,"date":"2019-03-13T22:43:22","date_gmt":"2019-03-13T21:43:22","guid":{"rendered":"http:\/\/agora.xtec.cat\/ceip-torre-llauder-mataro\/?p=2238"},"modified":"2019-03-13T22:43:22","modified_gmt":"2019-03-13T21:43:22","slug":"vella-quaresma","status":"publish","type":"post","link":"https:\/\/agora.xtec.cat\/ceip-torre-llauder-mataro\/infantil\/vella-quaresma\/","title":{"rendered":"Vella Quaresma"},"content":{"rendered":"<p>La Vella quaresma ja \u00e9s aqu\u00ed, i durant 7setmanes li tallarem una cama cada Divendres al ritme de la can\u00e7\u00f3 que tant ens agrada:<\/p>\n<p>&#8220;Serra la vella, un plat d&#8217;escudella. Serra la vell\u00f3, un plat d&#8217;escudell\u00f3&#8221;<\/p>\n<p>Aqu\u00ed us deixem unes fotos del Divendres quan li vam tallar la primera cama.<\/p>\n<p><a href=\"https:\/\/photos.app.goo.gl\/PSE8UjfZ6cjsz5e9A\">Fotos vella vella quaresma 1<\/a><\/p>\n<p>&nbsp;<\/p>\n","protected":false},"excerpt":{"rendered":"<p>La Vella quaresma ja \u00e9s aqu\u00ed, i durant 7setmanes li tallarem una cama cada Divendres al ritme de la can\u00e7\u00f3 que tant ens agrada:<br \/>\n&#8220;Serra la vella, un plat d&#8217;escudella. Serra la vell\u00f3, un plat d&#8217;escudell\u00f3&#8221;<br \/>\nAqu\u00ed us deixem unes fotos del Divendres quan li vam tallar&hellip;  <a href=\"https:\/\/agora.xtec.cat\/ceip-torre-llauder-mataro\/infantil\/vella-quaresma\/\" title=\"Read Vella Quaresma\">Llegeix m\u00e9s\u00bb<\/a><\/p>\n","protected":false},"author":7,"featured_media":0,"comment_status":"open","ping_status":"closed","sticky":false,"template":"","format":"standard","meta":{"_bbp_topic_count":0,"_bbp_reply_count":0,"_bbp_total_topic_count":0,"_bbp_total_reply_count":0,"_bbp_voice_count":0,"_bbp_anonymous_reply_count":0,"_bbp_topic_count_hidden":0,"_bbp_reply_count_hidden":0,"_bbp_forum_subforum_count":0,"footnotes":""},"categories":[83,3,8,2],"tags":[],"class_list":["post-2238","post","type-post","status-publish","format-standard","hentry","category-i3","category-i4","category-i5","category-infantil"],"post_mailing_queue_ids":[],"_links":{"self":[{"href":"https:\/\/agora.xtec.cat\/ceip-torre-llauder-mataro\/wp-json\/wp\/v2\/posts\/2238","targetHints":{"allow":["GET"]}}],"collection":[{"href":"https:\/\/agora.xtec.cat\/ceip-torre-llauder-mataro\/wp-json\/wp\/v2\/posts"}],"about":[{"href":"https:\/\/agora.xtec.cat\/ceip-torre-llauder-mataro\/wp-json\/wp\/v2\/types\/post"}],"author":[{"embeddable":true,"href":"https:\/\/agora.xtec.cat\/ceip-torre-llauder-mataro\/wp-json\/wp\/v2\/users\/7"}],"replies":[{"embeddable":true,"href":"https:\/\/agora.xtec.cat\/ceip-torre-llauder-mataro\/wp-json\/wp\/v2\/comments?post=2238"}],"version-history":[{"count":1,"href":"https:\/\/agora.xtec.cat\/ceip-torre-llauder-mataro\/wp-json\/wp\/v2\/posts\/2238\/revisions"}],"predecessor-version":[{"id":2239,"href":"https:\/\/agora.xtec.cat\/ceip-torre-llauder-mataro\/wp-json\/wp\/v2\/posts\/2238\/revisions\/2239"}],"wp:attachment":[{"href":"https:\/\/agora.xtec.cat\/ceip-torre-llauder-mataro\/wp-json\/wp\/v2\/media?parent=2238"}],"wp:term":[{"taxonomy":"category","embeddable":true,"href":"https:\/\/agora.xtec.cat\/ceip-torre-llauder-mataro\/wp-json\/wp\/v2\/categories?post=2238"},{"taxonomy":"post_tag","embeddable":true,"href":"https:\/\/agora.xtec.cat\/ceip-torre-llauder-mataro\/wp-json\/wp\/v2\/tags?post=2238"}],"curies":[{"name":"wp","href":"https:\/\/api.w.org\/{rel}","templated":true}]}}