{"id":2236,"date":"2019-03-13T22:32:25","date_gmt":"2019-03-13T21:32:25","guid":{"rendered":"http:\/\/agora.xtec.cat\/ceip-torre-llauder-mataro\/?p=2236"},"modified":"2019-03-13T22:32:25","modified_gmt":"2019-03-13T21:32:25","slug":"dolc-salat-p5","status":"publish","type":"post","link":"https:\/\/agora.xtec.cat\/ceip-torre-llauder-mataro\/infantil\/dolc-salat-p5\/","title":{"rendered":"Dol\u00e7 &#8211;  Salat P5"},"content":{"rendered":"<p>Aquesta setmana a experimentaci\u00f3, ens hem col\u2022locat amb els equips de treball cooperatiu i aprofitant que estem aprenent coses del cos hum\u00e0, ens hem endinsat en el sentit del GUST.<\/p>\n<p>Cada membre de l&#8217;equip ha tastat els aliments que ens anaven donant, i els hem classificat segons pensem que s\u00f3n dol\u00e7os o salats. Podeu fer la prova a casa amb qualsevol aliment que mengeu, aix\u00ed els vostres fills\/es aniran assimilant millor aquests conceptes.<\/p>\n<p><a href=\"https:\/\/photos.app.goo.gl\/7swcVnxBjBgzE2cp7\">DOL\u00c7 I SALAT<\/a><\/p>\n","protected":false},"excerpt":{"rendered":"<p>Aquesta setmana a experimentaci\u00f3, ens hem col\u2022locat amb els equips de treball cooperatiu i aprofitant que estem aprenent coses del cos hum\u00e0, ens hem endinsat en el sentit del GUST.<br \/>\nCada membre de l&#8217;equip ha tastat els aliments que ens anaven donant, i els hem classificat&hellip;  <a href=\"https:\/\/agora.xtec.cat\/ceip-torre-llauder-mataro\/infantil\/dolc-salat-p5\/\" title=\"Read Dol\u00e7 &#8211;  Salat P5\">Llegeix m\u00e9s\u00bb<\/a><\/p>\n","protected":false},"author":7,"featured_media":0,"comment_status":"open","ping_status":"closed","sticky":false,"template":"","format":"standard","meta":{"_bbp_topic_count":0,"_bbp_reply_count":0,"_bbp_total_topic_count":0,"_bbp_total_reply_count":0,"_bbp_voice_count":0,"_bbp_anonymous_reply_count":0,"_bbp_topic_count_hidden":0,"_bbp_reply_count_hidden":0,"_bbp_forum_subforum_count":0,"footnotes":""},"categories":[8,2],"tags":[],"class_list":["post-2236","post","type-post","status-publish","format-standard","hentry","category-i5","category-infantil"],"post_mailing_queue_ids":[],"_links":{"self":[{"href":"https:\/\/agora.xtec.cat\/ceip-torre-llauder-mataro\/wp-json\/wp\/v2\/posts\/2236","targetHints":{"allow":["GET"]}}],"collection":[{"href":"https:\/\/agora.xtec.cat\/ceip-torre-llauder-mataro\/wp-json\/wp\/v2\/posts"}],"about":[{"href":"https:\/\/agora.xtec.cat\/ceip-torre-llauder-mataro\/wp-json\/wp\/v2\/types\/post"}],"author":[{"embeddable":true,"href":"https:\/\/agora.xtec.cat\/ceip-torre-llauder-mataro\/wp-json\/wp\/v2\/users\/7"}],"replies":[{"embeddable":true,"href":"https:\/\/agora.xtec.cat\/ceip-torre-llauder-mataro\/wp-json\/wp\/v2\/comments?post=2236"}],"version-history":[{"count":1,"href":"https:\/\/agora.xtec.cat\/ceip-torre-llauder-mataro\/wp-json\/wp\/v2\/posts\/2236\/revisions"}],"predecessor-version":[{"id":2237,"href":"https:\/\/agora.xtec.cat\/ceip-torre-llauder-mataro\/wp-json\/wp\/v2\/posts\/2236\/revisions\/2237"}],"wp:attachment":[{"href":"https:\/\/agora.xtec.cat\/ceip-torre-llauder-mataro\/wp-json\/wp\/v2\/media?parent=2236"}],"wp:term":[{"taxonomy":"category","embeddable":true,"href":"https:\/\/agora.xtec.cat\/ceip-torre-llauder-mataro\/wp-json\/wp\/v2\/categories?post=2236"},{"taxonomy":"post_tag","embeddable":true,"href":"https:\/\/agora.xtec.cat\/ceip-torre-llauder-mataro\/wp-json\/wp\/v2\/tags?post=2236"}],"curies":[{"name":"wp","href":"https:\/\/api.w.org\/{rel}","templated":true}]}}